{"id":7273,"date":"2025-06-30T23:44:12","date_gmt":"2025-06-30T23:44:12","guid":{"rendered":"https:\/\/smh.mr\/reunion-entre-la-delegation-de-sonatrach-et-la-direction-de-la-smh-avec-son-excellence-le-ministre-du-petrole-et-de-lenergie\/"},"modified":"2026-01-06T13:27:21","modified_gmt":"2026-01-06T13:27:21","slug":"reunion-entre-la-delegation-de-sonatrach-et-la-direction-de-la-smh-avec-son-excellence-le-ministre-du-petrole-et-de-lenergie","status":"publish","type":"post","link":"https:\/\/smh.mr\/fr\/reunion-entre-la-delegation-de-sonatrach-et-la-direction-de-la-smh-avec-son-excellence-le-ministre-du-petrole-et-de-lenergie\/","title":{"rendered":"R\u00e9union entre la d\u00e9l\u00e9gation de SONATRACH et la direction de la SMH avec Son Excellence le Ministre du P\u00e9trole et de l\u2019\u00c9nergie"},"content":{"rendered":"\n<p>Nouakchott, le 30 juin 2025<\/p>\n\n<p>Dans le cadre de la visite de travail effectu\u00e9e par une d\u00e9l\u00e9gation de la Soci\u00e9t\u00e9 Nationale Alg\u00e9rienne des Hydrocarbures SONATRACH en Mauritanie, une r\u00e9union \u00e9largie s\u2019est tenue ce matin au minist\u00e8re du P\u00e9trole et de l\u2019\u00c9nergie, sous la pr\u00e9sidence de Son Excellence M. Mohamed Khaled, Ministre du P\u00e9trole et de l\u2019\u00c9nergie. \u00c9taient \u00e9galement pr\u00e9sents le Directeur G\u00e9n\u00e9ral de la Soci\u00e9t\u00e9 Mauritanienne des Hydrocarbures (SMH), M. Isma\u00efl Abdel Vetah, ainsi que plusieurs cadres et responsables des deux institutions. <\/p>\n\n<p>Cette rencontre a permis de passer en revue les principaux axes de la coop\u00e9ration bilat\u00e9rale entre la Mauritanie et l\u2019Alg\u00e9rie dans le domaine de l\u2019\u00e9nergie. Les \u00e9changes ont port\u00e9 sur l\u2019\u00e9tat d\u2019avancement des projets conjoints et sur l\u2019exploration de nouvelles opportunit\u00e9s de partenariat, notamment dans les domaines de l\u2019exploration p\u00e9troli\u00e8re, du stockage et de la distribution des hydrocarbures, ainsi que du transfert de comp\u00e9tences et de la formation technique. <\/p>\n\n<p>\n          <strong>Contactez-nous<\/strong>\n        <\/p>\n\n<p>Pour toute question ou information compl\u00e9mentaire, merci de contacter l&rsquo;\u00e9quipe communication de la SMH \u00e0<a href=\"mailto:communication@smh.mr\"> <strong>communication@smh.mr<\/strong><\/a><\/p>\n\n<p><\/p>\n\n<p><\/p>\n\n<p><\/p>\n\n<p><\/p>\n\n<p><\/p>\n\n<p><\/p>\n\n<p><\/p>\n\n<p><\/p>\n\n<p><\/p>\n\n<p><\/p>\n\n<p><\/p>\n\n<p><\/p>\n\n<p><\/p>\n\n<p><\/p>\n\n<p><\/p>\n\n<p><\/p>\n\n<p><\/p>\n\n<p><\/p>\n\n<p><\/p>\n\n<p><\/p>\n\n<p><\/p>\n\n<p><\/p>\n\n<p><\/p>\n\n<p><\/p>\n\n<p><\/p>\n\n<p><\/p>\n\n<p><\/p>\n\n<p><\/p>\n\n<p><\/p>\n\n<p><\/p>\n\n<p><\/p>\n","protected":false},"excerpt":{"rendered":"<p>Nouakchott, le 30 juin 2025 Dans le cadre de la visite de travail effectu\u00e9e par une d\u00e9l\u00e9gation de la Soci\u00e9t\u00e9 Nationale Alg\u00e9rienne des Hydrocarbures SONATRACH en Mauritanie, une r\u00e9union \u00e9largie s\u2019est tenue ce matin au minist\u00e8re du P\u00e9trole et de l\u2019\u00c9nergie, sous la pr\u00e9sidence de Son Excellence M. Mohamed Khaled, Ministre du P\u00e9trole et de [&hellip;]<\/p>\n","protected":false},"author":1,"featured_media":7266,"comment_status":"closed","ping_status":"open","sticky":false,"template":"","format":"standard","meta":{"footnotes":""},"categories":[94],"tags":[],"class_list":["post-7273","post","type-post","status-publish","format-standard","has-post-thumbnail","hentry","category-actualites"],"yoast_head":"<!-- This site is optimized with the Yoast SEO plugin v27.5 - https:\/\/yoast.com\/product\/yoast-seo-wordpress\/ -->\n<title>R\u00e9union entre la d\u00e9l\u00e9gation de SONATRACH et la direction de la SMH avec Son Excellence le Ministre du P\u00e9trole et de l\u2019\u00c9nergie - SMH<\/title>\n<meta name=\"robots\" content=\"index, follow, max-snippet:-1, max-image-preview:large, max-video-preview:-1\" \/>\n<link rel=\"canonical\" href=\"https:\/\/smh.mr\/fr\/reunion-entre-la-delegation-de-sonatrach-et-la-direction-de-la-smh-avec-son-excellence-le-ministre-du-petrole-et-de-lenergie\/\" \/>\n<meta property=\"og:locale\" content=\"fr_FR\" \/>\n<meta property=\"og:type\" content=\"article\" \/>\n<meta property=\"og:title\" content=\"R\u00e9union entre la d\u00e9l\u00e9gation de SONATRACH et la direction de la SMH avec Son Excellence le Ministre du P\u00e9trole et de l\u2019\u00c9nergie - SMH\" \/>\n<meta property=\"og:description\" content=\"Nouakchott, le 30 juin 2025 Dans le cadre de la visite de travail effectu\u00e9e par une d\u00e9l\u00e9gation de la Soci\u00e9t\u00e9 Nationale Alg\u00e9rienne des Hydrocarbures SONATRACH en Mauritanie, une r\u00e9union \u00e9largie s\u2019est tenue ce matin au minist\u00e8re du P\u00e9trole et de l\u2019\u00c9nergie, sous la pr\u00e9sidence de Son Excellence M. Mohamed Khaled, Ministre du P\u00e9trole et de [&hellip;]\" \/>\n<meta property=\"og:url\" content=\"https:\/\/smh.mr\/fr\/reunion-entre-la-delegation-de-sonatrach-et-la-direction-de-la-smh-avec-son-excellence-le-ministre-du-petrole-et-de-lenergie\/\" \/>\n<meta property=\"og:site_name\" content=\"SMH\" \/>\n<meta property=\"article:published_time\" content=\"2025-06-30T23:44:12+00:00\" \/>\n<meta property=\"article:modified_time\" content=\"2026-01-06T13:27:21+00:00\" \/>\n<meta property=\"og:image\" content=\"https:\/\/smh.mr\/wp-content\/uploads\/2025\/06\/m2.png\" \/>\n\t<meta property=\"og:image:width\" content=\"762\" \/>\n\t<meta property=\"og:image:height\" content=\"762\" \/>\n\t<meta property=\"og:image:type\" content=\"image\/png\" \/>\n<meta name=\"author\" content=\"admin\" \/>\n<meta name=\"twitter:card\" content=\"summary_large_image\" \/>\n<meta name=\"twitter:label1\" content=\"\u00c9crit par\" \/>\n\t<meta name=\"twitter:data1\" content=\"admin\" \/>\n\t<meta name=\"twitter:label2\" content=\"Dur\u00e9e de lecture estim\u00e9e\" \/>\n\t<meta name=\"twitter:data2\" content=\"2 minutes\" \/>\n<script type=\"application\/ld+json\" class=\"yoast-schema-graph\">{\"@context\":\"https:\\\/\\\/schema.org\",\"@graph\":[{\"@type\":\"Article\",\"@id\":\"https:\\\/\\\/smh.mr\\\/fr\\\/reunion-entre-la-delegation-de-sonatrach-et-la-direction-de-la-smh-avec-son-excellence-le-ministre-du-petrole-et-de-lenergie\\\/#article\",\"isPartOf\":{\"@id\":\"https:\\\/\\\/smh.mr\\\/fr\\\/reunion-entre-la-delegation-de-sonatrach-et-la-direction-de-la-smh-avec-son-excellence-le-ministre-du-petrole-et-de-lenergie\\\/\"},\"author\":{\"name\":\"admin\",\"@id\":\"https:\\\/\\\/smh.mr\\\/fr\\\/#\\\/schema\\\/person\\\/c015b514348ae56afb47feefa674b2a7\"},\"headline\":\"R\u00e9union entre la d\u00e9l\u00e9gation de SONATRACH et la direction de la SMH avec Son Excellence le Ministre du P\u00e9trole et de l\u2019\u00c9nergie\",\"datePublished\":\"2025-06-30T23:44:12+00:00\",\"dateModified\":\"2026-01-06T13:27:21+00:00\",\"mainEntityOfPage\":{\"@id\":\"https:\\\/\\\/smh.mr\\\/fr\\\/reunion-entre-la-delegation-de-sonatrach-et-la-direction-de-la-smh-avec-son-excellence-le-ministre-du-petrole-et-de-lenergie\\\/\"},\"wordCount\":227,\"image\":{\"@id\":\"https:\\\/\\\/smh.mr\\\/fr\\\/reunion-entre-la-delegation-de-sonatrach-et-la-direction-de-la-smh-avec-son-excellence-le-ministre-du-petrole-et-de-lenergie\\\/#primaryimage\"},\"thumbnailUrl\":\"https:\\\/\\\/smh.mr\\\/wp-content\\\/uploads\\\/2025\\\/06\\\/m2.png\",\"articleSection\":[\"Actualit\u00e9s\"],\"inLanguage\":\"fr-FR\"},{\"@type\":\"WebPage\",\"@id\":\"https:\\\/\\\/smh.mr\\\/fr\\\/reunion-entre-la-delegation-de-sonatrach-et-la-direction-de-la-smh-avec-son-excellence-le-ministre-du-petrole-et-de-lenergie\\\/\",\"url\":\"https:\\\/\\\/smh.mr\\\/fr\\\/reunion-entre-la-delegation-de-sonatrach-et-la-direction-de-la-smh-avec-son-excellence-le-ministre-du-petrole-et-de-lenergie\\\/\",\"name\":\"R\u00e9union entre la d\u00e9l\u00e9gation de SONATRACH et la direction de la SMH avec Son Excellence le Ministre du P\u00e9trole et de l\u2019\u00c9nergie - SMH\",\"isPartOf\":{\"@id\":\"https:\\\/\\\/smh.mr\\\/fr\\\/#website\"},\"primaryImageOfPage\":{\"@id\":\"https:\\\/\\\/smh.mr\\\/fr\\\/reunion-entre-la-delegation-de-sonatrach-et-la-direction-de-la-smh-avec-son-excellence-le-ministre-du-petrole-et-de-lenergie\\\/#primaryimage\"},\"image\":{\"@id\":\"https:\\\/\\\/smh.mr\\\/fr\\\/reunion-entre-la-delegation-de-sonatrach-et-la-direction-de-la-smh-avec-son-excellence-le-ministre-du-petrole-et-de-lenergie\\\/#primaryimage\"},\"thumbnailUrl\":\"https:\\\/\\\/smh.mr\\\/wp-content\\\/uploads\\\/2025\\\/06\\\/m2.png\",\"datePublished\":\"2025-06-30T23:44:12+00:00\",\"dateModified\":\"2026-01-06T13:27:21+00:00\",\"author\":{\"@id\":\"https:\\\/\\\/smh.mr\\\/fr\\\/#\\\/schema\\\/person\\\/c015b514348ae56afb47feefa674b2a7\"},\"breadcrumb\":{\"@id\":\"https:\\\/\\\/smh.mr\\\/fr\\\/reunion-entre-la-delegation-de-sonatrach-et-la-direction-de-la-smh-avec-son-excellence-le-ministre-du-petrole-et-de-lenergie\\\/#breadcrumb\"},\"inLanguage\":\"fr-FR\",\"potentialAction\":[{\"@type\":\"ReadAction\",\"target\":[\"https:\\\/\\\/smh.mr\\\/fr\\\/reunion-entre-la-delegation-de-sonatrach-et-la-direction-de-la-smh-avec-son-excellence-le-ministre-du-petrole-et-de-lenergie\\\/\"]}]},{\"@type\":\"ImageObject\",\"inLanguage\":\"fr-FR\",\"@id\":\"https:\\\/\\\/smh.mr\\\/fr\\\/reunion-entre-la-delegation-de-sonatrach-et-la-direction-de-la-smh-avec-son-excellence-le-ministre-du-petrole-et-de-lenergie\\\/#primaryimage\",\"url\":\"https:\\\/\\\/smh.mr\\\/wp-content\\\/uploads\\\/2025\\\/06\\\/m2.png\",\"contentUrl\":\"https:\\\/\\\/smh.mr\\\/wp-content\\\/uploads\\\/2025\\\/06\\\/m2.png\",\"width\":762,\"height\":762},{\"@type\":\"BreadcrumbList\",\"@id\":\"https:\\\/\\\/smh.mr\\\/fr\\\/reunion-entre-la-delegation-de-sonatrach-et-la-direction-de-la-smh-avec-son-excellence-le-ministre-du-petrole-et-de-lenergie\\\/#breadcrumb\",\"itemListElement\":[{\"@type\":\"ListItem\",\"position\":1,\"name\":\"Home\",\"item\":\"https:\\\/\\\/smh.mr\\\/fr\\\/\"},{\"@type\":\"ListItem\",\"position\":2,\"name\":\"R\u00e9union entre la d\u00e9l\u00e9gation de SONATRACH et la direction de la SMH avec Son Excellence le Ministre du P\u00e9trole et de l\u2019\u00c9nergie\"}]},{\"@type\":\"WebSite\",\"@id\":\"https:\\\/\\\/smh.mr\\\/fr\\\/#website\",\"url\":\"https:\\\/\\\/smh.mr\\\/fr\\\/\",\"name\":\"SMH\",\"description\":\"Mauritanian Hydrocarbons Company\",\"potentialAction\":[{\"@type\":\"SearchAction\",\"target\":{\"@type\":\"EntryPoint\",\"urlTemplate\":\"https:\\\/\\\/smh.mr\\\/fr\\\/?s={search_term_string}\"},\"query-input\":{\"@type\":\"PropertyValueSpecification\",\"valueRequired\":true,\"valueName\":\"search_term_string\"}}],\"inLanguage\":\"fr-FR\"},{\"@type\":\"Person\",\"@id\":\"https:\\\/\\\/smh.mr\\\/fr\\\/#\\\/schema\\\/person\\\/c015b514348ae56afb47feefa674b2a7\",\"name\":\"admin\",\"image\":{\"@type\":\"ImageObject\",\"inLanguage\":\"fr-FR\",\"@id\":\"https:\\\/\\\/secure.gravatar.com\\\/avatar\\\/7bd73e456dbe0d4f2e9f035ecd4f7c49ef8a47a8410f703882294a8e9f87ba6b?s=96&d=mm&r=g\",\"url\":\"https:\\\/\\\/secure.gravatar.com\\\/avatar\\\/7bd73e456dbe0d4f2e9f035ecd4f7c49ef8a47a8410f703882294a8e9f87ba6b?s=96&d=mm&r=g\",\"contentUrl\":\"https:\\\/\\\/secure.gravatar.com\\\/avatar\\\/7bd73e456dbe0d4f2e9f035ecd4f7c49ef8a47a8410f703882294a8e9f87ba6b?s=96&d=mm&r=g\",\"caption\":\"admin\"},\"sameAs\":[\"https:\\\/\\\/smh.mr\"],\"url\":\"https:\\\/\\\/smh.mr\\\/fr\\\/author\\\/admin\\\/\"}]}<\/script>\n<!-- \/ Yoast SEO plugin. -->","yoast_head_json":{"title":"R\u00e9union entre la d\u00e9l\u00e9gation de SONATRACH et la direction de la SMH avec Son Excellence le Ministre du P\u00e9trole et de l\u2019\u00c9nergie - SMH","robots":{"index":"index","follow":"follow","max-snippet":"max-snippet:-1","max-image-preview":"max-image-preview:large","max-video-preview":"max-video-preview:-1"},"canonical":"https:\/\/smh.mr\/fr\/reunion-entre-la-delegation-de-sonatrach-et-la-direction-de-la-smh-avec-son-excellence-le-ministre-du-petrole-et-de-lenergie\/","og_locale":"fr_FR","og_type":"article","og_title":"R\u00e9union entre la d\u00e9l\u00e9gation de SONATRACH et la direction de la SMH avec Son Excellence le Ministre du P\u00e9trole et de l\u2019\u00c9nergie - SMH","og_description":"Nouakchott, le 30 juin 2025 Dans le cadre de la visite de travail effectu\u00e9e par une d\u00e9l\u00e9gation de la Soci\u00e9t\u00e9 Nationale Alg\u00e9rienne des Hydrocarbures SONATRACH en Mauritanie, une r\u00e9union \u00e9largie s\u2019est tenue ce matin au minist\u00e8re du P\u00e9trole et de l\u2019\u00c9nergie, sous la pr\u00e9sidence de Son Excellence M. Mohamed Khaled, Ministre du P\u00e9trole et de [&hellip;]","og_url":"https:\/\/smh.mr\/fr\/reunion-entre-la-delegation-de-sonatrach-et-la-direction-de-la-smh-avec-son-excellence-le-ministre-du-petrole-et-de-lenergie\/","og_site_name":"SMH","article_published_time":"2025-06-30T23:44:12+00:00","article_modified_time":"2026-01-06T13:27:21+00:00","og_image":[{"width":762,"height":762,"url":"https:\/\/smh.mr\/wp-content\/uploads\/2025\/06\/m2.png","type":"image\/png"}],"author":"admin","twitter_card":"summary_large_image","twitter_misc":{"\u00c9crit par":"admin","Dur\u00e9e de lecture estim\u00e9e":"2 minutes"},"schema":{"@context":"https:\/\/schema.org","@graph":[{"@type":"Article","@id":"https:\/\/smh.mr\/fr\/reunion-entre-la-delegation-de-sonatrach-et-la-direction-de-la-smh-avec-son-excellence-le-ministre-du-petrole-et-de-lenergie\/#article","isPartOf":{"@id":"https:\/\/smh.mr\/fr\/reunion-entre-la-delegation-de-sonatrach-et-la-direction-de-la-smh-avec-son-excellence-le-ministre-du-petrole-et-de-lenergie\/"},"author":{"name":"admin","@id":"https:\/\/smh.mr\/fr\/#\/schema\/person\/c015b514348ae56afb47feefa674b2a7"},"headline":"R\u00e9union entre la d\u00e9l\u00e9gation de SONATRACH et la direction de la SMH avec Son Excellence le Ministre du P\u00e9trole et de l\u2019\u00c9nergie","datePublished":"2025-06-30T23:44:12+00:00","dateModified":"2026-01-06T13:27:21+00:00","mainEntityOfPage":{"@id":"https:\/\/smh.mr\/fr\/reunion-entre-la-delegation-de-sonatrach-et-la-direction-de-la-smh-avec-son-excellence-le-ministre-du-petrole-et-de-lenergie\/"},"wordCount":227,"image":{"@id":"https:\/\/smh.mr\/fr\/reunion-entre-la-delegation-de-sonatrach-et-la-direction-de-la-smh-avec-son-excellence-le-ministre-du-petrole-et-de-lenergie\/#primaryimage"},"thumbnailUrl":"https:\/\/smh.mr\/wp-content\/uploads\/2025\/06\/m2.png","articleSection":["Actualit\u00e9s"],"inLanguage":"fr-FR"},{"@type":"WebPage","@id":"https:\/\/smh.mr\/fr\/reunion-entre-la-delegation-de-sonatrach-et-la-direction-de-la-smh-avec-son-excellence-le-ministre-du-petrole-et-de-lenergie\/","url":"https:\/\/smh.mr\/fr\/reunion-entre-la-delegation-de-sonatrach-et-la-direction-de-la-smh-avec-son-excellence-le-ministre-du-petrole-et-de-lenergie\/","name":"R\u00e9union entre la d\u00e9l\u00e9gation de SONATRACH et la direction de la SMH avec Son Excellence le Ministre du P\u00e9trole et de l\u2019\u00c9nergie - SMH","isPartOf":{"@id":"https:\/\/smh.mr\/fr\/#website"},"primaryImageOfPage":{"@id":"https:\/\/smh.mr\/fr\/reunion-entre-la-delegation-de-sonatrach-et-la-direction-de-la-smh-avec-son-excellence-le-ministre-du-petrole-et-de-lenergie\/#primaryimage"},"image":{"@id":"https:\/\/smh.mr\/fr\/reunion-entre-la-delegation-de-sonatrach-et-la-direction-de-la-smh-avec-son-excellence-le-ministre-du-petrole-et-de-lenergie\/#primaryimage"},"thumbnailUrl":"https:\/\/smh.mr\/wp-content\/uploads\/2025\/06\/m2.png","datePublished":"2025-06-30T23:44:12+00:00","dateModified":"2026-01-06T13:27:21+00:00","author":{"@id":"https:\/\/smh.mr\/fr\/#\/schema\/person\/c015b514348ae56afb47feefa674b2a7"},"breadcrumb":{"@id":"https:\/\/smh.mr\/fr\/reunion-entre-la-delegation-de-sonatrach-et-la-direction-de-la-smh-avec-son-excellence-le-ministre-du-petrole-et-de-lenergie\/#breadcrumb"},"inLanguage":"fr-FR","potentialAction":[{"@type":"ReadAction","target":["https:\/\/smh.mr\/fr\/reunion-entre-la-delegation-de-sonatrach-et-la-direction-de-la-smh-avec-son-excellence-le-ministre-du-petrole-et-de-lenergie\/"]}]},{"@type":"ImageObject","inLanguage":"fr-FR","@id":"https:\/\/smh.mr\/fr\/reunion-entre-la-delegation-de-sonatrach-et-la-direction-de-la-smh-avec-son-excellence-le-ministre-du-petrole-et-de-lenergie\/#primaryimage","url":"https:\/\/smh.mr\/wp-content\/uploads\/2025\/06\/m2.png","contentUrl":"https:\/\/smh.mr\/wp-content\/uploads\/2025\/06\/m2.png","width":762,"height":762},{"@type":"BreadcrumbList","@id":"https:\/\/smh.mr\/fr\/reunion-entre-la-delegation-de-sonatrach-et-la-direction-de-la-smh-avec-son-excellence-le-ministre-du-petrole-et-de-lenergie\/#breadcrumb","itemListElement":[{"@type":"ListItem","position":1,"name":"Home","item":"https:\/\/smh.mr\/fr\/"},{"@type":"ListItem","position":2,"name":"R\u00e9union entre la d\u00e9l\u00e9gation de SONATRACH et la direction de la SMH avec Son Excellence le Ministre du P\u00e9trole et de l\u2019\u00c9nergie"}]},{"@type":"WebSite","@id":"https:\/\/smh.mr\/fr\/#website","url":"https:\/\/smh.mr\/fr\/","name":"SMH","description":"Mauritanian Hydrocarbons Company","potentialAction":[{"@type":"SearchAction","target":{"@type":"EntryPoint","urlTemplate":"https:\/\/smh.mr\/fr\/?s={search_term_string}"},"query-input":{"@type":"PropertyValueSpecification","valueRequired":true,"valueName":"search_term_string"}}],"inLanguage":"fr-FR"},{"@type":"Person","@id":"https:\/\/smh.mr\/fr\/#\/schema\/person\/c015b514348ae56afb47feefa674b2a7","name":"admin","image":{"@type":"ImageObject","inLanguage":"fr-FR","@id":"https:\/\/secure.gravatar.com\/avatar\/7bd73e456dbe0d4f2e9f035ecd4f7c49ef8a47a8410f703882294a8e9f87ba6b?s=96&d=mm&r=g","url":"https:\/\/secure.gravatar.com\/avatar\/7bd73e456dbe0d4f2e9f035ecd4f7c49ef8a47a8410f703882294a8e9f87ba6b?s=96&d=mm&r=g","contentUrl":"https:\/\/secure.gravatar.com\/avatar\/7bd73e456dbe0d4f2e9f035ecd4f7c49ef8a47a8410f703882294a8e9f87ba6b?s=96&d=mm&r=g","caption":"admin"},"sameAs":["https:\/\/smh.mr"],"url":"https:\/\/smh.mr\/fr\/author\/admin\/"}]}},"_links":{"self":[{"href":"https:\/\/smh.mr\/fr\/wp-json\/wp\/v2\/posts\/7273","targetHints":{"allow":["GET"]}}],"collection":[{"href":"https:\/\/smh.mr\/fr\/wp-json\/wp\/v2\/posts"}],"about":[{"href":"https:\/\/smh.mr\/fr\/wp-json\/wp\/v2\/types\/post"}],"author":[{"embeddable":true,"href":"https:\/\/smh.mr\/fr\/wp-json\/wp\/v2\/users\/1"}],"replies":[{"embeddable":true,"href":"https:\/\/smh.mr\/fr\/wp-json\/wp\/v2\/comments?post=7273"}],"version-history":[{"count":2,"href":"https:\/\/smh.mr\/fr\/wp-json\/wp\/v2\/posts\/7273\/revisions"}],"predecessor-version":[{"id":7275,"href":"https:\/\/smh.mr\/fr\/wp-json\/wp\/v2\/posts\/7273\/revisions\/7275"}],"wp:featuredmedia":[{"embeddable":true,"href":"https:\/\/smh.mr\/fr\/wp-json\/wp\/v2\/media\/7266"}],"wp:attachment":[{"href":"https:\/\/smh.mr\/fr\/wp-json\/wp\/v2\/media?parent=7273"}],"wp:term":[{"taxonomy":"category","embeddable":true,"href":"https:\/\/smh.mr\/fr\/wp-json\/wp\/v2\/categories?post=7273"},{"taxonomy":"post_tag","embeddable":true,"href":"https:\/\/smh.mr\/fr\/wp-json\/wp\/v2\/tags?post=7273"}],"curies":[{"name":"wp","href":"https:\/\/api.w.org\/{rel}","templated":true}]}}