{"id":7192,"date":"2025-06-29T09:59:13","date_gmt":"2025-06-29T09:59:13","guid":{"rendered":"https:\/\/smh.mr\/le-directeur-general-de-la-smh-accueille-le-president-directeur-general-de-sonatrach-a-laeroport-de-nouakchott-pour-une-visite-de-travail-en-mauritanie\/"},"modified":"2025-06-29T10:22:17","modified_gmt":"2025-06-29T10:22:17","slug":"le-directeur-general-de-la-smh-accueille-le-president-directeur-general-de-sonatrach-a-laeroport-de-nouakchott-pour-une-visite-de-travail-en-mauritanie","status":"publish","type":"post","link":"https:\/\/smh.mr\/fr\/le-directeur-general-de-la-smh-accueille-le-president-directeur-general-de-sonatrach-a-laeroport-de-nouakchott-pour-une-visite-de-travail-en-mauritanie\/","title":{"rendered":"Le Directeur G\u00e9n\u00e9ral de la SMH accueille le Pr\u00e9sident-Directeur G\u00e9n\u00e9ral de SONATRACH \u00e0 l\u2019a\u00e9roport de Nouakchott pour une visite de travail en Mauritanie"},"content":{"rendered":"\n<p>Le Pr\u00e9sident-Directeur G\u00e9n\u00e9ral de la SONATRACH, M. Rachid Hachichi, accompagn\u00e9 d\u2019une d\u00e9l\u00e9gation de haut niveau, a entam\u00e9 ce soir une visite de travail de deux jours en Mauritanie.<br\/>\u00c0 son arriv\u00e9e \u00e0 l\u2019a\u00e9roport international de Nouakchott, il a \u00e9t\u00e9 accueilli par le Directeur G\u00e9n\u00e9ral de la Soci\u00e9t\u00e9 Soci\u00e9t\u00e9 Mauritanienne des Hydrocarbures, SMH, M. Ismail Abdel Vetah, entour\u00e9 de plusieurs cadres dirigeants.<br\/>Cette visite s\u2019inscrit dans le renforcement des relations entre les deux entreprises, et plus largement entre les secteurs \u00e9nerg\u00e9tiques mauritanien et alg\u00e9rien. Elle fait suite \u00e0 la signature, en janvier 2025 \u00e0 Alger, d\u2019un protocole d\u2019entente jetant les bases d\u2019un partenariat strat\u00e9gique couvrant la formation, l\u2019exploration, le stockage et la distribution d\u2019hydrocarbures, et le partage d\u2019expertise.<br\/>Des r\u00e9unions techniques et strat\u00e9giques sont pr\u00e9vues, pendant la visite du PDG de la SONATRACH avec le DG de la SMH, afin de faire le point sur les projets de coop\u00e9ration en cours et explorer de nouvelles opportunit\u00e9s de collaboration.  <\/p>\n\n<p>\n          <strong>Contactez-nous<\/strong>\n        <\/p>\n\n<p>Pour toute question ou information compl\u00e9mentaire, merci de contacter l&rsquo;\u00e9quipe communication de la SMH \u00e0<a href=\"mailto:communication@smh.mr\"> <strong>communication@smh.mr<\/strong><\/a><\/p>\n\n<p><\/p>\n\n<p><\/p>\n\n<p><\/p>\n\n<p><\/p>\n\n<p><\/p>\n\n<p><\/p>\n\n<p><\/p>\n\n<p><\/p>\n\n<p><\/p>\n\n<p><\/p>\n\n<p><\/p>\n\n<p><\/p>\n\n<p><\/p>\n\n<p><\/p>\n\n<p><\/p>\n\n<p><\/p>\n\n<p><\/p>\n\n<p><\/p>\n\n<p><\/p>\n\n<p><\/p>\n\n<p><\/p>\n\n<p><\/p>\n\n<p><\/p>\n\n<p><\/p>\n\n<p><\/p>\n\n<p><\/p>\n\n<p><\/p>\n\n<p><\/p>\n\n<p><\/p>\n\n<p><\/p>\n\n<p><\/p>\n","protected":false},"excerpt":{"rendered":"<p>Le Pr\u00e9sident-Directeur G\u00e9n\u00e9ral de la SONATRACH, M. Rachid Hachichi, accompagn\u00e9 d\u2019une d\u00e9l\u00e9gation de haut niveau, a entam\u00e9 ce soir une visite de travail de deux jours en Mauritanie.\u00c0 son arriv\u00e9e \u00e0 l\u2019a\u00e9roport international de Nouakchott, il a \u00e9t\u00e9 accueilli par le Directeur G\u00e9n\u00e9ral de la Soci\u00e9t\u00e9 Soci\u00e9t\u00e9 Mauritanienne des Hydrocarbures, SMH, M. Ismail Abdel Vetah, [&hellip;]<\/p>\n","protected":false},"author":1,"featured_media":7189,"comment_status":"closed","ping_status":"open","sticky":false,"template":"","format":"standard","meta":{"footnotes":""},"categories":[94],"tags":[],"class_list":["post-7192","post","type-post","status-publish","format-standard","has-post-thumbnail","hentry","category-actualites"],"yoast_head":"<!-- This site is optimized with the Yoast SEO plugin v27.5 - https:\/\/yoast.com\/product\/yoast-seo-wordpress\/ -->\n<title>Le Directeur G\u00e9n\u00e9ral de la SMH accueille le Pr\u00e9sident-Directeur G\u00e9n\u00e9ral de SONATRACH \u00e0 l\u2019a\u00e9roport de Nouakchott pour une visite de travail en Mauritanie - SMH<\/title>\n<meta name=\"robots\" content=\"index, follow, max-snippet:-1, max-image-preview:large, max-video-preview:-1\" \/>\n<link rel=\"canonical\" href=\"https:\/\/smh.mr\/fr\/le-directeur-general-de-la-smh-accueille-le-president-directeur-general-de-sonatrach-a-laeroport-de-nouakchott-pour-une-visite-de-travail-en-mauritanie\/\" \/>\n<meta property=\"og:locale\" content=\"fr_FR\" \/>\n<meta property=\"og:type\" content=\"article\" \/>\n<meta property=\"og:title\" content=\"Le Directeur G\u00e9n\u00e9ral de la SMH accueille le Pr\u00e9sident-Directeur G\u00e9n\u00e9ral de SONATRACH \u00e0 l\u2019a\u00e9roport de Nouakchott pour une visite de travail en Mauritanie - SMH\" \/>\n<meta property=\"og:description\" content=\"Le Pr\u00e9sident-Directeur G\u00e9n\u00e9ral de la SONATRACH, M. Rachid Hachichi, accompagn\u00e9 d\u2019une d\u00e9l\u00e9gation de haut niveau, a entam\u00e9 ce soir une visite de travail de deux jours en Mauritanie.\u00c0 son arriv\u00e9e \u00e0 l\u2019a\u00e9roport international de Nouakchott, il a \u00e9t\u00e9 accueilli par le Directeur G\u00e9n\u00e9ral de la Soci\u00e9t\u00e9 Soci\u00e9t\u00e9 Mauritanienne des Hydrocarbures, SMH, M. Ismail Abdel Vetah, [&hellip;]\" \/>\n<meta property=\"og:url\" content=\"https:\/\/smh.mr\/fr\/le-directeur-general-de-la-smh-accueille-le-president-directeur-general-de-sonatrach-a-laeroport-de-nouakchott-pour-une-visite-de-travail-en-mauritanie\/\" \/>\n<meta property=\"og:site_name\" content=\"SMH\" \/>\n<meta property=\"article:published_time\" content=\"2025-06-29T09:59:13+00:00\" \/>\n<meta property=\"article:modified_time\" content=\"2025-06-29T10:22:17+00:00\" \/>\n<meta property=\"og:image\" content=\"https:\/\/smh.mr\/wp-content\/uploads\/2025\/06\/A1.png\" \/>\n\t<meta property=\"og:image:width\" content=\"762\" \/>\n\t<meta property=\"og:image:height\" content=\"742\" \/>\n\t<meta property=\"og:image:type\" content=\"image\/png\" \/>\n<meta name=\"author\" content=\"admin\" \/>\n<meta name=\"twitter:card\" content=\"summary_large_image\" \/>\n<meta name=\"twitter:label1\" content=\"\u00c9crit par\" \/>\n\t<meta name=\"twitter:data1\" content=\"admin\" \/>\n\t<meta name=\"twitter:label2\" content=\"Dur\u00e9e de lecture estim\u00e9e\" \/>\n\t<meta name=\"twitter:data2\" content=\"1 minute\" \/>\n<script type=\"application\/ld+json\" class=\"yoast-schema-graph\">{\"@context\":\"https:\\\/\\\/schema.org\",\"@graph\":[{\"@type\":\"Article\",\"@id\":\"https:\\\/\\\/smh.mr\\\/fr\\\/le-directeur-general-de-la-smh-accueille-le-president-directeur-general-de-sonatrach-a-laeroport-de-nouakchott-pour-une-visite-de-travail-en-mauritanie\\\/#article\",\"isPartOf\":{\"@id\":\"https:\\\/\\\/smh.mr\\\/fr\\\/le-directeur-general-de-la-smh-accueille-le-president-directeur-general-de-sonatrach-a-laeroport-de-nouakchott-pour-une-visite-de-travail-en-mauritanie\\\/\"},\"author\":{\"name\":\"admin\",\"@id\":\"https:\\\/\\\/smh.mr\\\/fr\\\/#\\\/schema\\\/person\\\/c015b514348ae56afb47feefa674b2a7\"},\"headline\":\"Le Directeur G\u00e9n\u00e9ral de la SMH accueille le Pr\u00e9sident-Directeur G\u00e9n\u00e9ral de SONATRACH \u00e0 l\u2019a\u00e9roport de Nouakchott pour une visite de travail en Mauritanie\",\"datePublished\":\"2025-06-29T09:59:13+00:00\",\"dateModified\":\"2025-06-29T10:22:17+00:00\",\"mainEntityOfPage\":{\"@id\":\"https:\\\/\\\/smh.mr\\\/fr\\\/le-directeur-general-de-la-smh-accueille-le-president-directeur-general-de-sonatrach-a-laeroport-de-nouakchott-pour-une-visite-de-travail-en-mauritanie\\\/\"},\"wordCount\":229,\"image\":{\"@id\":\"https:\\\/\\\/smh.mr\\\/fr\\\/le-directeur-general-de-la-smh-accueille-le-president-directeur-general-de-sonatrach-a-laeroport-de-nouakchott-pour-une-visite-de-travail-en-mauritanie\\\/#primaryimage\"},\"thumbnailUrl\":\"https:\\\/\\\/smh.mr\\\/wp-content\\\/uploads\\\/2025\\\/06\\\/A1.png\",\"articleSection\":[\"Actualit\u00e9s\"],\"inLanguage\":\"fr-FR\"},{\"@type\":\"WebPage\",\"@id\":\"https:\\\/\\\/smh.mr\\\/fr\\\/le-directeur-general-de-la-smh-accueille-le-president-directeur-general-de-sonatrach-a-laeroport-de-nouakchott-pour-une-visite-de-travail-en-mauritanie\\\/\",\"url\":\"https:\\\/\\\/smh.mr\\\/fr\\\/le-directeur-general-de-la-smh-accueille-le-president-directeur-general-de-sonatrach-a-laeroport-de-nouakchott-pour-une-visite-de-travail-en-mauritanie\\\/\",\"name\":\"Le Directeur G\u00e9n\u00e9ral de la SMH accueille le Pr\u00e9sident-Directeur G\u00e9n\u00e9ral de SONATRACH \u00e0 l\u2019a\u00e9roport de Nouakchott pour une visite de travail en Mauritanie - SMH\",\"isPartOf\":{\"@id\":\"https:\\\/\\\/smh.mr\\\/fr\\\/#website\"},\"primaryImageOfPage\":{\"@id\":\"https:\\\/\\\/smh.mr\\\/fr\\\/le-directeur-general-de-la-smh-accueille-le-president-directeur-general-de-sonatrach-a-laeroport-de-nouakchott-pour-une-visite-de-travail-en-mauritanie\\\/#primaryimage\"},\"image\":{\"@id\":\"https:\\\/\\\/smh.mr\\\/fr\\\/le-directeur-general-de-la-smh-accueille-le-president-directeur-general-de-sonatrach-a-laeroport-de-nouakchott-pour-une-visite-de-travail-en-mauritanie\\\/#primaryimage\"},\"thumbnailUrl\":\"https:\\\/\\\/smh.mr\\\/wp-content\\\/uploads\\\/2025\\\/06\\\/A1.png\",\"datePublished\":\"2025-06-29T09:59:13+00:00\",\"dateModified\":\"2025-06-29T10:22:17+00:00\",\"author\":{\"@id\":\"https:\\\/\\\/smh.mr\\\/fr\\\/#\\\/schema\\\/person\\\/c015b514348ae56afb47feefa674b2a7\"},\"breadcrumb\":{\"@id\":\"https:\\\/\\\/smh.mr\\\/fr\\\/le-directeur-general-de-la-smh-accueille-le-president-directeur-general-de-sonatrach-a-laeroport-de-nouakchott-pour-une-visite-de-travail-en-mauritanie\\\/#breadcrumb\"},\"inLanguage\":\"fr-FR\",\"potentialAction\":[{\"@type\":\"ReadAction\",\"target\":[\"https:\\\/\\\/smh.mr\\\/fr\\\/le-directeur-general-de-la-smh-accueille-le-president-directeur-general-de-sonatrach-a-laeroport-de-nouakchott-pour-une-visite-de-travail-en-mauritanie\\\/\"]}]},{\"@type\":\"ImageObject\",\"inLanguage\":\"fr-FR\",\"@id\":\"https:\\\/\\\/smh.mr\\\/fr\\\/le-directeur-general-de-la-smh-accueille-le-president-directeur-general-de-sonatrach-a-laeroport-de-nouakchott-pour-une-visite-de-travail-en-mauritanie\\\/#primaryimage\",\"url\":\"https:\\\/\\\/smh.mr\\\/wp-content\\\/uploads\\\/2025\\\/06\\\/A1.png\",\"contentUrl\":\"https:\\\/\\\/smh.mr\\\/wp-content\\\/uploads\\\/2025\\\/06\\\/A1.png\",\"width\":762,\"height\":742},{\"@type\":\"BreadcrumbList\",\"@id\":\"https:\\\/\\\/smh.mr\\\/fr\\\/le-directeur-general-de-la-smh-accueille-le-president-directeur-general-de-sonatrach-a-laeroport-de-nouakchott-pour-une-visite-de-travail-en-mauritanie\\\/#breadcrumb\",\"itemListElement\":[{\"@type\":\"ListItem\",\"position\":1,\"name\":\"Home\",\"item\":\"https:\\\/\\\/smh.mr\\\/fr\\\/\"},{\"@type\":\"ListItem\",\"position\":2,\"name\":\"Le Directeur G\u00e9n\u00e9ral de la SMH accueille le Pr\u00e9sident-Directeur G\u00e9n\u00e9ral de SONATRACH \u00e0 l\u2019a\u00e9roport de Nouakchott pour une visite de travail en Mauritanie\"}]},{\"@type\":\"WebSite\",\"@id\":\"https:\\\/\\\/smh.mr\\\/fr\\\/#website\",\"url\":\"https:\\\/\\\/smh.mr\\\/fr\\\/\",\"name\":\"SMH\",\"description\":\"Mauritanian Hydrocarbons Company\",\"potentialAction\":[{\"@type\":\"SearchAction\",\"target\":{\"@type\":\"EntryPoint\",\"urlTemplate\":\"https:\\\/\\\/smh.mr\\\/fr\\\/?s={search_term_string}\"},\"query-input\":{\"@type\":\"PropertyValueSpecification\",\"valueRequired\":true,\"valueName\":\"search_term_string\"}}],\"inLanguage\":\"fr-FR\"},{\"@type\":\"Person\",\"@id\":\"https:\\\/\\\/smh.mr\\\/fr\\\/#\\\/schema\\\/person\\\/c015b514348ae56afb47feefa674b2a7\",\"name\":\"admin\",\"image\":{\"@type\":\"ImageObject\",\"inLanguage\":\"fr-FR\",\"@id\":\"https:\\\/\\\/secure.gravatar.com\\\/avatar\\\/7bd73e456dbe0d4f2e9f035ecd4f7c49ef8a47a8410f703882294a8e9f87ba6b?s=96&d=mm&r=g\",\"url\":\"https:\\\/\\\/secure.gravatar.com\\\/avatar\\\/7bd73e456dbe0d4f2e9f035ecd4f7c49ef8a47a8410f703882294a8e9f87ba6b?s=96&d=mm&r=g\",\"contentUrl\":\"https:\\\/\\\/secure.gravatar.com\\\/avatar\\\/7bd73e456dbe0d4f2e9f035ecd4f7c49ef8a47a8410f703882294a8e9f87ba6b?s=96&d=mm&r=g\",\"caption\":\"admin\"},\"sameAs\":[\"https:\\\/\\\/smh.mr\"],\"url\":\"https:\\\/\\\/smh.mr\\\/fr\\\/author\\\/admin\\\/\"}]}<\/script>\n<!-- \/ Yoast SEO plugin. -->","yoast_head_json":{"title":"Le Directeur G\u00e9n\u00e9ral de la SMH accueille le Pr\u00e9sident-Directeur G\u00e9n\u00e9ral de SONATRACH \u00e0 l\u2019a\u00e9roport de Nouakchott pour une visite de travail en Mauritanie - SMH","robots":{"index":"index","follow":"follow","max-snippet":"max-snippet:-1","max-image-preview":"max-image-preview:large","max-video-preview":"max-video-preview:-1"},"canonical":"https:\/\/smh.mr\/fr\/le-directeur-general-de-la-smh-accueille-le-president-directeur-general-de-sonatrach-a-laeroport-de-nouakchott-pour-une-visite-de-travail-en-mauritanie\/","og_locale":"fr_FR","og_type":"article","og_title":"Le Directeur G\u00e9n\u00e9ral de la SMH accueille le Pr\u00e9sident-Directeur G\u00e9n\u00e9ral de SONATRACH \u00e0 l\u2019a\u00e9roport de Nouakchott pour une visite de travail en Mauritanie - SMH","og_description":"Le Pr\u00e9sident-Directeur G\u00e9n\u00e9ral de la SONATRACH, M. Rachid Hachichi, accompagn\u00e9 d\u2019une d\u00e9l\u00e9gation de haut niveau, a entam\u00e9 ce soir une visite de travail de deux jours en Mauritanie.\u00c0 son arriv\u00e9e \u00e0 l\u2019a\u00e9roport international de Nouakchott, il a \u00e9t\u00e9 accueilli par le Directeur G\u00e9n\u00e9ral de la Soci\u00e9t\u00e9 Soci\u00e9t\u00e9 Mauritanienne des Hydrocarbures, SMH, M. Ismail Abdel Vetah, [&hellip;]","og_url":"https:\/\/smh.mr\/fr\/le-directeur-general-de-la-smh-accueille-le-president-directeur-general-de-sonatrach-a-laeroport-de-nouakchott-pour-une-visite-de-travail-en-mauritanie\/","og_site_name":"SMH","article_published_time":"2025-06-29T09:59:13+00:00","article_modified_time":"2025-06-29T10:22:17+00:00","og_image":[{"width":762,"height":742,"url":"https:\/\/smh.mr\/wp-content\/uploads\/2025\/06\/A1.png","type":"image\/png"}],"author":"admin","twitter_card":"summary_large_image","twitter_misc":{"\u00c9crit par":"admin","Dur\u00e9e de lecture estim\u00e9e":"1 minute"},"schema":{"@context":"https:\/\/schema.org","@graph":[{"@type":"Article","@id":"https:\/\/smh.mr\/fr\/le-directeur-general-de-la-smh-accueille-le-president-directeur-general-de-sonatrach-a-laeroport-de-nouakchott-pour-une-visite-de-travail-en-mauritanie\/#article","isPartOf":{"@id":"https:\/\/smh.mr\/fr\/le-directeur-general-de-la-smh-accueille-le-president-directeur-general-de-sonatrach-a-laeroport-de-nouakchott-pour-une-visite-de-travail-en-mauritanie\/"},"author":{"name":"admin","@id":"https:\/\/smh.mr\/fr\/#\/schema\/person\/c015b514348ae56afb47feefa674b2a7"},"headline":"Le Directeur G\u00e9n\u00e9ral de la SMH accueille le Pr\u00e9sident-Directeur G\u00e9n\u00e9ral de SONATRACH \u00e0 l\u2019a\u00e9roport de Nouakchott pour une visite de travail en Mauritanie","datePublished":"2025-06-29T09:59:13+00:00","dateModified":"2025-06-29T10:22:17+00:00","mainEntityOfPage":{"@id":"https:\/\/smh.mr\/fr\/le-directeur-general-de-la-smh-accueille-le-president-directeur-general-de-sonatrach-a-laeroport-de-nouakchott-pour-une-visite-de-travail-en-mauritanie\/"},"wordCount":229,"image":{"@id":"https:\/\/smh.mr\/fr\/le-directeur-general-de-la-smh-accueille-le-president-directeur-general-de-sonatrach-a-laeroport-de-nouakchott-pour-une-visite-de-travail-en-mauritanie\/#primaryimage"},"thumbnailUrl":"https:\/\/smh.mr\/wp-content\/uploads\/2025\/06\/A1.png","articleSection":["Actualit\u00e9s"],"inLanguage":"fr-FR"},{"@type":"WebPage","@id":"https:\/\/smh.mr\/fr\/le-directeur-general-de-la-smh-accueille-le-president-directeur-general-de-sonatrach-a-laeroport-de-nouakchott-pour-une-visite-de-travail-en-mauritanie\/","url":"https:\/\/smh.mr\/fr\/le-directeur-general-de-la-smh-accueille-le-president-directeur-general-de-sonatrach-a-laeroport-de-nouakchott-pour-une-visite-de-travail-en-mauritanie\/","name":"Le Directeur G\u00e9n\u00e9ral de la SMH accueille le Pr\u00e9sident-Directeur G\u00e9n\u00e9ral de SONATRACH \u00e0 l\u2019a\u00e9roport de Nouakchott pour une visite de travail en Mauritanie - SMH","isPartOf":{"@id":"https:\/\/smh.mr\/fr\/#website"},"primaryImageOfPage":{"@id":"https:\/\/smh.mr\/fr\/le-directeur-general-de-la-smh-accueille-le-president-directeur-general-de-sonatrach-a-laeroport-de-nouakchott-pour-une-visite-de-travail-en-mauritanie\/#primaryimage"},"image":{"@id":"https:\/\/smh.mr\/fr\/le-directeur-general-de-la-smh-accueille-le-president-directeur-general-de-sonatrach-a-laeroport-de-nouakchott-pour-une-visite-de-travail-en-mauritanie\/#primaryimage"},"thumbnailUrl":"https:\/\/smh.mr\/wp-content\/uploads\/2025\/06\/A1.png","datePublished":"2025-06-29T09:59:13+00:00","dateModified":"2025-06-29T10:22:17+00:00","author":{"@id":"https:\/\/smh.mr\/fr\/#\/schema\/person\/c015b514348ae56afb47feefa674b2a7"},"breadcrumb":{"@id":"https:\/\/smh.mr\/fr\/le-directeur-general-de-la-smh-accueille-le-president-directeur-general-de-sonatrach-a-laeroport-de-nouakchott-pour-une-visite-de-travail-en-mauritanie\/#breadcrumb"},"inLanguage":"fr-FR","potentialAction":[{"@type":"ReadAction","target":["https:\/\/smh.mr\/fr\/le-directeur-general-de-la-smh-accueille-le-president-directeur-general-de-sonatrach-a-laeroport-de-nouakchott-pour-une-visite-de-travail-en-mauritanie\/"]}]},{"@type":"ImageObject","inLanguage":"fr-FR","@id":"https:\/\/smh.mr\/fr\/le-directeur-general-de-la-smh-accueille-le-president-directeur-general-de-sonatrach-a-laeroport-de-nouakchott-pour-une-visite-de-travail-en-mauritanie\/#primaryimage","url":"https:\/\/smh.mr\/wp-content\/uploads\/2025\/06\/A1.png","contentUrl":"https:\/\/smh.mr\/wp-content\/uploads\/2025\/06\/A1.png","width":762,"height":742},{"@type":"BreadcrumbList","@id":"https:\/\/smh.mr\/fr\/le-directeur-general-de-la-smh-accueille-le-president-directeur-general-de-sonatrach-a-laeroport-de-nouakchott-pour-une-visite-de-travail-en-mauritanie\/#breadcrumb","itemListElement":[{"@type":"ListItem","position":1,"name":"Home","item":"https:\/\/smh.mr\/fr\/"},{"@type":"ListItem","position":2,"name":"Le Directeur G\u00e9n\u00e9ral de la SMH accueille le Pr\u00e9sident-Directeur G\u00e9n\u00e9ral de SONATRACH \u00e0 l\u2019a\u00e9roport de Nouakchott pour une visite de travail en Mauritanie"}]},{"@type":"WebSite","@id":"https:\/\/smh.mr\/fr\/#website","url":"https:\/\/smh.mr\/fr\/","name":"SMH","description":"Mauritanian Hydrocarbons Company","potentialAction":[{"@type":"SearchAction","target":{"@type":"EntryPoint","urlTemplate":"https:\/\/smh.mr\/fr\/?s={search_term_string}"},"query-input":{"@type":"PropertyValueSpecification","valueRequired":true,"valueName":"search_term_string"}}],"inLanguage":"fr-FR"},{"@type":"Person","@id":"https:\/\/smh.mr\/fr\/#\/schema\/person\/c015b514348ae56afb47feefa674b2a7","name":"admin","image":{"@type":"ImageObject","inLanguage":"fr-FR","@id":"https:\/\/secure.gravatar.com\/avatar\/7bd73e456dbe0d4f2e9f035ecd4f7c49ef8a47a8410f703882294a8e9f87ba6b?s=96&d=mm&r=g","url":"https:\/\/secure.gravatar.com\/avatar\/7bd73e456dbe0d4f2e9f035ecd4f7c49ef8a47a8410f703882294a8e9f87ba6b?s=96&d=mm&r=g","contentUrl":"https:\/\/secure.gravatar.com\/avatar\/7bd73e456dbe0d4f2e9f035ecd4f7c49ef8a47a8410f703882294a8e9f87ba6b?s=96&d=mm&r=g","caption":"admin"},"sameAs":["https:\/\/smh.mr"],"url":"https:\/\/smh.mr\/fr\/author\/admin\/"}]}},"_links":{"self":[{"href":"https:\/\/smh.mr\/fr\/wp-json\/wp\/v2\/posts\/7192","targetHints":{"allow":["GET"]}}],"collection":[{"href":"https:\/\/smh.mr\/fr\/wp-json\/wp\/v2\/posts"}],"about":[{"href":"https:\/\/smh.mr\/fr\/wp-json\/wp\/v2\/types\/post"}],"author":[{"embeddable":true,"href":"https:\/\/smh.mr\/fr\/wp-json\/wp\/v2\/users\/1"}],"replies":[{"embeddable":true,"href":"https:\/\/smh.mr\/fr\/wp-json\/wp\/v2\/comments?post=7192"}],"version-history":[{"count":1,"href":"https:\/\/smh.mr\/fr\/wp-json\/wp\/v2\/posts\/7192\/revisions"}],"predecessor-version":[{"id":7193,"href":"https:\/\/smh.mr\/fr\/wp-json\/wp\/v2\/posts\/7192\/revisions\/7193"}],"wp:featuredmedia":[{"embeddable":true,"href":"https:\/\/smh.mr\/fr\/wp-json\/wp\/v2\/media\/7189"}],"wp:attachment":[{"href":"https:\/\/smh.mr\/fr\/wp-json\/wp\/v2\/media?parent=7192"}],"wp:term":[{"taxonomy":"category","embeddable":true,"href":"https:\/\/smh.mr\/fr\/wp-json\/wp\/v2\/categories?post=7192"},{"taxonomy":"post_tag","embeddable":true,"href":"https:\/\/smh.mr\/fr\/wp-json\/wp\/v2\/tags?post=7192"}],"curies":[{"name":"wp","href":"https:\/\/api.w.org\/{rel}","templated":true}]}}