{"id":6915,"date":"2025-02-25T11:08:40","date_gmt":"2025-02-25T11:08:40","guid":{"rendered":"https:\/\/smh.mr\/visite-dune-delegation-de-liap-dans-le-cadre-de-la-cooperation-entre-la-smh-et-sonatrach\/"},"modified":"2025-02-25T12:05:31","modified_gmt":"2025-02-25T12:05:31","slug":"visite-dune-delegation-de-liap-dans-le-cadre-de-la-cooperation-entre-la-smh-et-sonatrach","status":"publish","type":"post","link":"https:\/\/smh.mr\/fr\/visite-dune-delegation-de-liap-dans-le-cadre-de-la-cooperation-entre-la-smh-et-sonatrach\/","title":{"rendered":"Visite d\u2019une d\u00e9l\u00e9gation de l\u2019IAP dans le cadre de la coop\u00e9ration entre la SMH et SONATRACH"},"content":{"rendered":"\n<p>Ce matin, une d\u00e9l\u00e9gation de l&rsquo;Institut Alg\u00e9rien du P\u00e9trole (IAP) du Groupe SONATRACH a \u00e9t\u00e9 officiellement re\u00e7ue par le Directeur G\u00e9n\u00e9ral de la SMH, M. Ismail Abdel Vetah, marquant ainsi le d\u00e9but d\u2019une s\u00e9rie d\u2019\u00e9changes strat\u00e9giques visant \u00e0 renforcer la coop\u00e9ration entre la SMH et SONATRACH<\/p>\n\n<p>Cette visite de travail, qui s\u2019inscrit dans le cadre du protocole d\u2019accord (MoU) sign\u00e9 entre la SMH et SONATRACH, a pour objectif de mener une \u00e9tude approfondie sur la formation du personnel de la SMH, d\u2019identifier ses besoins en mati\u00e8re de d\u00e9veloppement des comp\u00e9tences et de proposer un programme de formation complet <\/p>\n\n<p>L\u2019IAP, en tant qu\u2019institut int\u00e9gr\u00e9 \u00e0 SONATRACH et sp\u00e9cialis\u00e9 dans les m\u00e9tiers de l\u2019industrie des hydrocarbures, s\u2019engage \u00e0 accompagner la SMH dans la formation, le perfectionnement, le recyclage et le renforcement des capacit\u00e9s de ses ressources humaines. Cette coop\u00e9ration couvrira divers domaines strat\u00e9giques du secteur de l\u2019\u00e9nergie, notamment les hydrocarbures, l\u2019hydrog\u00e8ne ainsi que les \u00e9nergies \u00e0 bas carbone <\/p>\n\n<p><br\/>\u00c0 travers cette collaboration, la SMH et lap SONATRACH r\u00e9affirment leur engagement commun \u00e0 concr\u00e9tiser et \u00e0 renforcer leur coop\u00e9ration dans le secteur \u00e9nerg\u00e9tique<\/p>\n\n<p>\n          <strong>Contactez-nous<\/strong>\n        <\/p>\n\n<p>Pour toute question ou information compl\u00e9mentaire, merci de contacter l&rsquo;\u00e9quipe communication de la SMH \u00e0 : communication@smh.mr<\/p>\n\n<p><\/p>\n\n<p><\/p>\n\n<p><\/p>\n\n<p><\/p>\n\n<p><\/p>\n\n<p><\/p>\n\n<p><\/p>\n\n<p><\/p>\n\n<p><\/p>\n\n<p><\/p>\n\n<p><\/p>\n\n<p><\/p>\n\n<p><\/p>\n\n<p><\/p>\n\n<p><\/p>\n\n<p><\/p>\n\n<p><\/p>\n\n<p><\/p>\n\n<p><\/p>\n\n<p><\/p>\n\n<p><\/p>\n\n<p><\/p>\n\n<p><\/p>\n\n<p><\/p>\n\n<p><\/p>\n\n<p><\/p>\n\n<p><\/p>\n\n<p><\/p>\n\n<p><\/p>\n","protected":false},"excerpt":{"rendered":"<p>Ce matin, une d\u00e9l\u00e9gation de l&rsquo;Institut Alg\u00e9rien du P\u00e9trole (IAP) du Groupe SONATRACH a \u00e9t\u00e9 officiellement re\u00e7ue par le Directeur G\u00e9n\u00e9ral de la SMH, M. Ismail Abdel Vetah, marquant ainsi le d\u00e9but d\u2019une s\u00e9rie d\u2019\u00e9changes strat\u00e9giques visant \u00e0 renforcer la coop\u00e9ration entre la SMH et SONATRACH Cette visite de travail, qui s\u2019inscrit dans le cadre [&hellip;]<\/p>\n","protected":false},"author":1,"featured_media":6906,"comment_status":"closed","ping_status":"open","sticky":false,"template":"","format":"standard","meta":{"footnotes":""},"categories":[94],"tags":[],"class_list":["post-6915","post","type-post","status-publish","format-standard","has-post-thumbnail","hentry","category-actualites"],"yoast_head":"<!-- This site is optimized with the Yoast SEO plugin v27.5 - https:\/\/yoast.com\/product\/yoast-seo-wordpress\/ -->\n<title>Visite d\u2019une d\u00e9l\u00e9gation de l\u2019IAP dans le cadre de la coop\u00e9ration entre la SMH et SONATRACH - SMH<\/title>\n<meta name=\"robots\" content=\"index, follow, max-snippet:-1, max-image-preview:large, max-video-preview:-1\" \/>\n<link rel=\"canonical\" href=\"https:\/\/smh.mr\/fr\/visite-dune-delegation-de-liap-dans-le-cadre-de-la-cooperation-entre-la-smh-et-sonatrach\/\" \/>\n<meta property=\"og:locale\" content=\"fr_FR\" \/>\n<meta property=\"og:type\" content=\"article\" \/>\n<meta property=\"og:title\" content=\"Visite d\u2019une d\u00e9l\u00e9gation de l\u2019IAP dans le cadre de la coop\u00e9ration entre la SMH et SONATRACH - SMH\" \/>\n<meta property=\"og:description\" content=\"Ce matin, une d\u00e9l\u00e9gation de l&rsquo;Institut Alg\u00e9rien du P\u00e9trole (IAP) du Groupe SONATRACH a \u00e9t\u00e9 officiellement re\u00e7ue par le Directeur G\u00e9n\u00e9ral de la SMH, M. Ismail Abdel Vetah, marquant ainsi le d\u00e9but d\u2019une s\u00e9rie d\u2019\u00e9changes strat\u00e9giques visant \u00e0 renforcer la coop\u00e9ration entre la SMH et SONATRACH Cette visite de travail, qui s\u2019inscrit dans le cadre [&hellip;]\" \/>\n<meta property=\"og:url\" content=\"https:\/\/smh.mr\/fr\/visite-dune-delegation-de-liap-dans-le-cadre-de-la-cooperation-entre-la-smh-et-sonatrach\/\" \/>\n<meta property=\"og:site_name\" content=\"SMH\" \/>\n<meta property=\"article:published_time\" content=\"2025-02-25T11:08:40+00:00\" \/>\n<meta property=\"article:modified_time\" content=\"2025-02-25T12:05:31+00:00\" \/>\n<meta property=\"og:image\" content=\"https:\/\/smh.mr\/wp-content\/uploads\/2025\/02\/site.png\" \/>\n\t<meta property=\"og:image:width\" content=\"762\" \/>\n\t<meta property=\"og:image:height\" content=\"742\" \/>\n\t<meta property=\"og:image:type\" content=\"image\/png\" \/>\n<meta name=\"author\" content=\"admin\" \/>\n<meta name=\"twitter:card\" content=\"summary_large_image\" \/>\n<meta name=\"twitter:label1\" content=\"\u00c9crit par\" \/>\n\t<meta name=\"twitter:data1\" content=\"admin\" \/>\n\t<meta name=\"twitter:label2\" content=\"Dur\u00e9e de lecture estim\u00e9e\" \/>\n\t<meta name=\"twitter:data2\" content=\"1 minute\" \/>\n<script type=\"application\/ld+json\" class=\"yoast-schema-graph\">{\"@context\":\"https:\\\/\\\/schema.org\",\"@graph\":[{\"@type\":\"Article\",\"@id\":\"https:\\\/\\\/smh.mr\\\/fr\\\/visite-dune-delegation-de-liap-dans-le-cadre-de-la-cooperation-entre-la-smh-et-sonatrach\\\/#article\",\"isPartOf\":{\"@id\":\"https:\\\/\\\/smh.mr\\\/fr\\\/visite-dune-delegation-de-liap-dans-le-cadre-de-la-cooperation-entre-la-smh-et-sonatrach\\\/\"},\"author\":{\"name\":\"admin\",\"@id\":\"https:\\\/\\\/smh.mr\\\/fr\\\/#\\\/schema\\\/person\\\/c015b514348ae56afb47feefa674b2a7\"},\"headline\":\"Visite d\u2019une d\u00e9l\u00e9gation de l\u2019IAP dans le cadre de la coop\u00e9ration entre la SMH et SONATRACH\",\"datePublished\":\"2025-02-25T11:08:40+00:00\",\"dateModified\":\"2025-02-25T12:05:31+00:00\",\"mainEntityOfPage\":{\"@id\":\"https:\\\/\\\/smh.mr\\\/fr\\\/visite-dune-delegation-de-liap-dans-le-cadre-de-la-cooperation-entre-la-smh-et-sonatrach\\\/\"},\"wordCount\":251,\"image\":{\"@id\":\"https:\\\/\\\/smh.mr\\\/fr\\\/visite-dune-delegation-de-liap-dans-le-cadre-de-la-cooperation-entre-la-smh-et-sonatrach\\\/#primaryimage\"},\"thumbnailUrl\":\"https:\\\/\\\/smh.mr\\\/wp-content\\\/uploads\\\/2025\\\/02\\\/site.png\",\"articleSection\":[\"Actualit\u00e9s\"],\"inLanguage\":\"fr-FR\"},{\"@type\":\"WebPage\",\"@id\":\"https:\\\/\\\/smh.mr\\\/fr\\\/visite-dune-delegation-de-liap-dans-le-cadre-de-la-cooperation-entre-la-smh-et-sonatrach\\\/\",\"url\":\"https:\\\/\\\/smh.mr\\\/fr\\\/visite-dune-delegation-de-liap-dans-le-cadre-de-la-cooperation-entre-la-smh-et-sonatrach\\\/\",\"name\":\"Visite d\u2019une d\u00e9l\u00e9gation de l\u2019IAP dans le cadre de la coop\u00e9ration entre la SMH et SONATRACH - SMH\",\"isPartOf\":{\"@id\":\"https:\\\/\\\/smh.mr\\\/fr\\\/#website\"},\"primaryImageOfPage\":{\"@id\":\"https:\\\/\\\/smh.mr\\\/fr\\\/visite-dune-delegation-de-liap-dans-le-cadre-de-la-cooperation-entre-la-smh-et-sonatrach\\\/#primaryimage\"},\"image\":{\"@id\":\"https:\\\/\\\/smh.mr\\\/fr\\\/visite-dune-delegation-de-liap-dans-le-cadre-de-la-cooperation-entre-la-smh-et-sonatrach\\\/#primaryimage\"},\"thumbnailUrl\":\"https:\\\/\\\/smh.mr\\\/wp-content\\\/uploads\\\/2025\\\/02\\\/site.png\",\"datePublished\":\"2025-02-25T11:08:40+00:00\",\"dateModified\":\"2025-02-25T12:05:31+00:00\",\"author\":{\"@id\":\"https:\\\/\\\/smh.mr\\\/fr\\\/#\\\/schema\\\/person\\\/c015b514348ae56afb47feefa674b2a7\"},\"breadcrumb\":{\"@id\":\"https:\\\/\\\/smh.mr\\\/fr\\\/visite-dune-delegation-de-liap-dans-le-cadre-de-la-cooperation-entre-la-smh-et-sonatrach\\\/#breadcrumb\"},\"inLanguage\":\"fr-FR\",\"potentialAction\":[{\"@type\":\"ReadAction\",\"target\":[\"https:\\\/\\\/smh.mr\\\/fr\\\/visite-dune-delegation-de-liap-dans-le-cadre-de-la-cooperation-entre-la-smh-et-sonatrach\\\/\"]}]},{\"@type\":\"ImageObject\",\"inLanguage\":\"fr-FR\",\"@id\":\"https:\\\/\\\/smh.mr\\\/fr\\\/visite-dune-delegation-de-liap-dans-le-cadre-de-la-cooperation-entre-la-smh-et-sonatrach\\\/#primaryimage\",\"url\":\"https:\\\/\\\/smh.mr\\\/wp-content\\\/uploads\\\/2025\\\/02\\\/site.png\",\"contentUrl\":\"https:\\\/\\\/smh.mr\\\/wp-content\\\/uploads\\\/2025\\\/02\\\/site.png\",\"width\":762,\"height\":742},{\"@type\":\"BreadcrumbList\",\"@id\":\"https:\\\/\\\/smh.mr\\\/fr\\\/visite-dune-delegation-de-liap-dans-le-cadre-de-la-cooperation-entre-la-smh-et-sonatrach\\\/#breadcrumb\",\"itemListElement\":[{\"@type\":\"ListItem\",\"position\":1,\"name\":\"Home\",\"item\":\"https:\\\/\\\/smh.mr\\\/fr\\\/\"},{\"@type\":\"ListItem\",\"position\":2,\"name\":\"Visite d\u2019une d\u00e9l\u00e9gation de l\u2019IAP dans le cadre de la coop\u00e9ration entre la SMH et SONATRACH\"}]},{\"@type\":\"WebSite\",\"@id\":\"https:\\\/\\\/smh.mr\\\/fr\\\/#website\",\"url\":\"https:\\\/\\\/smh.mr\\\/fr\\\/\",\"name\":\"SMH\",\"description\":\"Mauritanian Hydrocarbons Company\",\"potentialAction\":[{\"@type\":\"SearchAction\",\"target\":{\"@type\":\"EntryPoint\",\"urlTemplate\":\"https:\\\/\\\/smh.mr\\\/fr\\\/?s={search_term_string}\"},\"query-input\":{\"@type\":\"PropertyValueSpecification\",\"valueRequired\":true,\"valueName\":\"search_term_string\"}}],\"inLanguage\":\"fr-FR\"},{\"@type\":\"Person\",\"@id\":\"https:\\\/\\\/smh.mr\\\/fr\\\/#\\\/schema\\\/person\\\/c015b514348ae56afb47feefa674b2a7\",\"name\":\"admin\",\"image\":{\"@type\":\"ImageObject\",\"inLanguage\":\"fr-FR\",\"@id\":\"https:\\\/\\\/secure.gravatar.com\\\/avatar\\\/7bd73e456dbe0d4f2e9f035ecd4f7c49ef8a47a8410f703882294a8e9f87ba6b?s=96&d=mm&r=g\",\"url\":\"https:\\\/\\\/secure.gravatar.com\\\/avatar\\\/7bd73e456dbe0d4f2e9f035ecd4f7c49ef8a47a8410f703882294a8e9f87ba6b?s=96&d=mm&r=g\",\"contentUrl\":\"https:\\\/\\\/secure.gravatar.com\\\/avatar\\\/7bd73e456dbe0d4f2e9f035ecd4f7c49ef8a47a8410f703882294a8e9f87ba6b?s=96&d=mm&r=g\",\"caption\":\"admin\"},\"sameAs\":[\"https:\\\/\\\/smh.mr\"],\"url\":\"https:\\\/\\\/smh.mr\\\/fr\\\/author\\\/admin\\\/\"}]}<\/script>\n<!-- \/ Yoast SEO plugin. -->","yoast_head_json":{"title":"Visite d\u2019une d\u00e9l\u00e9gation de l\u2019IAP dans le cadre de la coop\u00e9ration entre la SMH et SONATRACH - SMH","robots":{"index":"index","follow":"follow","max-snippet":"max-snippet:-1","max-image-preview":"max-image-preview:large","max-video-preview":"max-video-preview:-1"},"canonical":"https:\/\/smh.mr\/fr\/visite-dune-delegation-de-liap-dans-le-cadre-de-la-cooperation-entre-la-smh-et-sonatrach\/","og_locale":"fr_FR","og_type":"article","og_title":"Visite d\u2019une d\u00e9l\u00e9gation de l\u2019IAP dans le cadre de la coop\u00e9ration entre la SMH et SONATRACH - SMH","og_description":"Ce matin, une d\u00e9l\u00e9gation de l&rsquo;Institut Alg\u00e9rien du P\u00e9trole (IAP) du Groupe SONATRACH a \u00e9t\u00e9 officiellement re\u00e7ue par le Directeur G\u00e9n\u00e9ral de la SMH, M. Ismail Abdel Vetah, marquant ainsi le d\u00e9but d\u2019une s\u00e9rie d\u2019\u00e9changes strat\u00e9giques visant \u00e0 renforcer la coop\u00e9ration entre la SMH et SONATRACH Cette visite de travail, qui s\u2019inscrit dans le cadre [&hellip;]","og_url":"https:\/\/smh.mr\/fr\/visite-dune-delegation-de-liap-dans-le-cadre-de-la-cooperation-entre-la-smh-et-sonatrach\/","og_site_name":"SMH","article_published_time":"2025-02-25T11:08:40+00:00","article_modified_time":"2025-02-25T12:05:31+00:00","og_image":[{"width":762,"height":742,"url":"https:\/\/smh.mr\/wp-content\/uploads\/2025\/02\/site.png","type":"image\/png"}],"author":"admin","twitter_card":"summary_large_image","twitter_misc":{"\u00c9crit par":"admin","Dur\u00e9e de lecture estim\u00e9e":"1 minute"},"schema":{"@context":"https:\/\/schema.org","@graph":[{"@type":"Article","@id":"https:\/\/smh.mr\/fr\/visite-dune-delegation-de-liap-dans-le-cadre-de-la-cooperation-entre-la-smh-et-sonatrach\/#article","isPartOf":{"@id":"https:\/\/smh.mr\/fr\/visite-dune-delegation-de-liap-dans-le-cadre-de-la-cooperation-entre-la-smh-et-sonatrach\/"},"author":{"name":"admin","@id":"https:\/\/smh.mr\/fr\/#\/schema\/person\/c015b514348ae56afb47feefa674b2a7"},"headline":"Visite d\u2019une d\u00e9l\u00e9gation de l\u2019IAP dans le cadre de la coop\u00e9ration entre la SMH et SONATRACH","datePublished":"2025-02-25T11:08:40+00:00","dateModified":"2025-02-25T12:05:31+00:00","mainEntityOfPage":{"@id":"https:\/\/smh.mr\/fr\/visite-dune-delegation-de-liap-dans-le-cadre-de-la-cooperation-entre-la-smh-et-sonatrach\/"},"wordCount":251,"image":{"@id":"https:\/\/smh.mr\/fr\/visite-dune-delegation-de-liap-dans-le-cadre-de-la-cooperation-entre-la-smh-et-sonatrach\/#primaryimage"},"thumbnailUrl":"https:\/\/smh.mr\/wp-content\/uploads\/2025\/02\/site.png","articleSection":["Actualit\u00e9s"],"inLanguage":"fr-FR"},{"@type":"WebPage","@id":"https:\/\/smh.mr\/fr\/visite-dune-delegation-de-liap-dans-le-cadre-de-la-cooperation-entre-la-smh-et-sonatrach\/","url":"https:\/\/smh.mr\/fr\/visite-dune-delegation-de-liap-dans-le-cadre-de-la-cooperation-entre-la-smh-et-sonatrach\/","name":"Visite d\u2019une d\u00e9l\u00e9gation de l\u2019IAP dans le cadre de la coop\u00e9ration entre la SMH et SONATRACH - SMH","isPartOf":{"@id":"https:\/\/smh.mr\/fr\/#website"},"primaryImageOfPage":{"@id":"https:\/\/smh.mr\/fr\/visite-dune-delegation-de-liap-dans-le-cadre-de-la-cooperation-entre-la-smh-et-sonatrach\/#primaryimage"},"image":{"@id":"https:\/\/smh.mr\/fr\/visite-dune-delegation-de-liap-dans-le-cadre-de-la-cooperation-entre-la-smh-et-sonatrach\/#primaryimage"},"thumbnailUrl":"https:\/\/smh.mr\/wp-content\/uploads\/2025\/02\/site.png","datePublished":"2025-02-25T11:08:40+00:00","dateModified":"2025-02-25T12:05:31+00:00","author":{"@id":"https:\/\/smh.mr\/fr\/#\/schema\/person\/c015b514348ae56afb47feefa674b2a7"},"breadcrumb":{"@id":"https:\/\/smh.mr\/fr\/visite-dune-delegation-de-liap-dans-le-cadre-de-la-cooperation-entre-la-smh-et-sonatrach\/#breadcrumb"},"inLanguage":"fr-FR","potentialAction":[{"@type":"ReadAction","target":["https:\/\/smh.mr\/fr\/visite-dune-delegation-de-liap-dans-le-cadre-de-la-cooperation-entre-la-smh-et-sonatrach\/"]}]},{"@type":"ImageObject","inLanguage":"fr-FR","@id":"https:\/\/smh.mr\/fr\/visite-dune-delegation-de-liap-dans-le-cadre-de-la-cooperation-entre-la-smh-et-sonatrach\/#primaryimage","url":"https:\/\/smh.mr\/wp-content\/uploads\/2025\/02\/site.png","contentUrl":"https:\/\/smh.mr\/wp-content\/uploads\/2025\/02\/site.png","width":762,"height":742},{"@type":"BreadcrumbList","@id":"https:\/\/smh.mr\/fr\/visite-dune-delegation-de-liap-dans-le-cadre-de-la-cooperation-entre-la-smh-et-sonatrach\/#breadcrumb","itemListElement":[{"@type":"ListItem","position":1,"name":"Home","item":"https:\/\/smh.mr\/fr\/"},{"@type":"ListItem","position":2,"name":"Visite d\u2019une d\u00e9l\u00e9gation de l\u2019IAP dans le cadre de la coop\u00e9ration entre la SMH et SONATRACH"}]},{"@type":"WebSite","@id":"https:\/\/smh.mr\/fr\/#website","url":"https:\/\/smh.mr\/fr\/","name":"SMH","description":"Mauritanian Hydrocarbons Company","potentialAction":[{"@type":"SearchAction","target":{"@type":"EntryPoint","urlTemplate":"https:\/\/smh.mr\/fr\/?s={search_term_string}"},"query-input":{"@type":"PropertyValueSpecification","valueRequired":true,"valueName":"search_term_string"}}],"inLanguage":"fr-FR"},{"@type":"Person","@id":"https:\/\/smh.mr\/fr\/#\/schema\/person\/c015b514348ae56afb47feefa674b2a7","name":"admin","image":{"@type":"ImageObject","inLanguage":"fr-FR","@id":"https:\/\/secure.gravatar.com\/avatar\/7bd73e456dbe0d4f2e9f035ecd4f7c49ef8a47a8410f703882294a8e9f87ba6b?s=96&d=mm&r=g","url":"https:\/\/secure.gravatar.com\/avatar\/7bd73e456dbe0d4f2e9f035ecd4f7c49ef8a47a8410f703882294a8e9f87ba6b?s=96&d=mm&r=g","contentUrl":"https:\/\/secure.gravatar.com\/avatar\/7bd73e456dbe0d4f2e9f035ecd4f7c49ef8a47a8410f703882294a8e9f87ba6b?s=96&d=mm&r=g","caption":"admin"},"sameAs":["https:\/\/smh.mr"],"url":"https:\/\/smh.mr\/fr\/author\/admin\/"}]}},"_links":{"self":[{"href":"https:\/\/smh.mr\/fr\/wp-json\/wp\/v2\/posts\/6915","targetHints":{"allow":["GET"]}}],"collection":[{"href":"https:\/\/smh.mr\/fr\/wp-json\/wp\/v2\/posts"}],"about":[{"href":"https:\/\/smh.mr\/fr\/wp-json\/wp\/v2\/types\/post"}],"author":[{"embeddable":true,"href":"https:\/\/smh.mr\/fr\/wp-json\/wp\/v2\/users\/1"}],"replies":[{"embeddable":true,"href":"https:\/\/smh.mr\/fr\/wp-json\/wp\/v2\/comments?post=6915"}],"version-history":[{"count":3,"href":"https:\/\/smh.mr\/fr\/wp-json\/wp\/v2\/posts\/6915\/revisions"}],"predecessor-version":[{"id":6920,"href":"https:\/\/smh.mr\/fr\/wp-json\/wp\/v2\/posts\/6915\/revisions\/6920"}],"wp:featuredmedia":[{"embeddable":true,"href":"https:\/\/smh.mr\/fr\/wp-json\/wp\/v2\/media\/6906"}],"wp:attachment":[{"href":"https:\/\/smh.mr\/fr\/wp-json\/wp\/v2\/media?parent=6915"}],"wp:term":[{"taxonomy":"category","embeddable":true,"href":"https:\/\/smh.mr\/fr\/wp-json\/wp\/v2\/categories?post=6915"},{"taxonomy":"post_tag","embeddable":true,"href":"https:\/\/smh.mr\/fr\/wp-json\/wp\/v2\/tags?post=6915"}],"curies":[{"name":"wp","href":"https:\/\/api.w.org\/{rel}","templated":true}]}}