{"id":6750,"date":"2024-12-19T15:16:28","date_gmt":"2024-12-19T15:16:28","guid":{"rendered":"https:\/\/smh.mr\/visite-de-travail-du-ministre-senegalais-de-lenergie-du-petrole-et-des-mines-a-nouakchott\/"},"modified":"2025-01-06T17:29:57","modified_gmt":"2025-01-06T17:29:57","slug":"visite-de-travail-du-ministre-senegalais-de-lenergie-du-petrole-et-des-mines-a-nouakchott","status":"publish","type":"post","link":"https:\/\/smh.mr\/fr\/visite-de-travail-du-ministre-senegalais-de-lenergie-du-petrole-et-des-mines-a-nouakchott\/","title":{"rendered":"Visite de Travail du Ministre s\u00e9n\u00e9galais de l&rsquo;\u00c9nergie, du P\u00e9trole et des Mines \u00e0 Nouakchott"},"content":{"rendered":"\n<p>Son Excellence Monsieur Mohamed OULD KHALED, Ministre de l&rsquo;\u00c9nergie et du P\u00e9trole de la R\u00e9publique Islamique de Mauritanie, accompagn\u00e9 de Monsieur Ismail Abdelvettah, Directeur G\u00e9n\u00e9ral de la Soci\u00e9t\u00e9 Mauritanienne des Hydrocarbures (SMH), a accueilli le 19 d\u00e9cembre 2024 \u00e0 Nouakchott une d\u00e9l\u00e9gation s\u00e9n\u00e9galaise de haut niveau conduite par Son Excellence Monsieur Birame Souleye Diop, Ministre de l&rsquo;\u00c9nergie, du P\u00e9trole et des Mines du S\u00e9n\u00e9gal, pour une visite de travail pr\u00e9vue les 19 et 20 d\u00e9cembre 2024. Monsieur Diop \u00e9tait accompagn\u00e9 de Monsieur Alioune Gueye, Directeur G\u00e9n\u00e9ral de PetroSen Holding, ainsi que de directeurs des minist\u00e8res et de PetroSen. La d\u00e9l\u00e9gation s\u00e9n\u00e9galaise a \u00e9t\u00e9 chaleureusement re\u00e7ue par leurs homologues mauritaniens, repr\u00e9sentant le minist\u00e8re de l&rsquo;\u00c9nergie et du P\u00e9trole et la SMH  <\/p>\n\n<p>Cette visite de travail s\u2019inscrit dans le cadre du renforcement des relations entre la Mauritanie et le S\u00e9n\u00e9gal, notamment dans des domaines strat\u00e9giques tels que l\u2019\u00e9nergie, le p\u00e9trole, et le gaz. Parmi les principaux axes abord\u00e9s figurent le suivi des projets communs, y compris le projet Greater Tortue Ahmeyim (GTA), symbole de la collaboration transfrontali\u00e8re et moteur de d\u00e9veloppement pour la r\u00e9gion, et l\u2019exploration des opportunit\u00e9s de d\u00e9veloppement durable, avec une vision commune pour une exploitation responsable et b\u00e9n\u00e9fique des ressources naturelles <\/p>\n\n<p>Les temps forts de la visite comprenaient une s\u00e9ance de travail officielle, marqu\u00e9e par des \u00e9changes constructifs entre les deux d\u00e9l\u00e9gations, consolidant leur engagement \u00e0 relever les d\u00e9fis \u00e9nerg\u00e9tiques communs, ainsi que des discussions approfondies sur l\u2019avancement du projet GTA, dont la production devrait d\u00e9buter d\u00e9but 2025<\/p>\n\n<p>Cette rencontre illustre la volont\u00e9 des deux nations de travailler main dans la main pour relever les d\u00e9fis \u00e9nerg\u00e9tiques r\u00e9gionaux et promouvoir une coop\u00e9ration exemplaire. En mettant l&rsquo;accent sur des initiatives strat\u00e9giques comme le projet GTA, la Mauritanie et le S\u00e9n\u00e9gal r\u00e9affirment leur engagement \u00e0 maximiser les retomb\u00e9es \u00e9conomiques et soci\u00e9tales de leurs ressources \u00e9nerg\u00e9tiques pour les g\u00e9n\u00e9rations futures <\/p>\n\n<p>\n          <strong>Contactez-nous<\/strong>\n        <\/p>\n\n<p>Pour toute question ou information compl\u00e9mentaire, merci de contacter l&rsquo;\u00e9quipe communication de la SMH \u00e0 : communication@smh.mr<\/p>\n\n<p><\/p>\n\n<p><\/p>\n\n<p><\/p>\n\n<p><\/p>\n\n<p><\/p>\n\n<p><\/p>\n\n<p><\/p>\n\n<p><\/p>\n\n<p><\/p>\n\n<p><\/p>\n\n<p><\/p>\n\n<p><\/p>\n\n<p><\/p>\n\n<p><\/p>\n\n<p><\/p>\n\n<p><\/p>\n\n<p><\/p>\n\n<p><\/p>\n\n<p><\/p>\n\n<p><\/p>\n\n<p><\/p>\n\n<p><\/p>\n","protected":false},"excerpt":{"rendered":"<p>Son Excellence Monsieur Mohamed OULD KHALED, Ministre de l&rsquo;\u00c9nergie et du P\u00e9trole de la R\u00e9publique Islamique de Mauritanie, accompagn\u00e9 de Monsieur Ismail Abdelvettah, Directeur G\u00e9n\u00e9ral de la Soci\u00e9t\u00e9 Mauritanienne des Hydrocarbures (SMH), a accueilli le 19 d\u00e9cembre 2024 \u00e0 Nouakchott une d\u00e9l\u00e9gation s\u00e9n\u00e9galaise de haut niveau conduite par Son Excellence Monsieur Birame Souleye Diop, Ministre [&hellip;]<\/p>\n","protected":false},"author":1,"featured_media":6808,"comment_status":"closed","ping_status":"open","sticky":false,"template":"","format":"standard","meta":{"footnotes":""},"categories":[94],"tags":[],"class_list":["post-6750","post","type-post","status-publish","format-standard","has-post-thumbnail","hentry","category-actualites"],"yoast_head":"<!-- This site is optimized with the Yoast SEO plugin v27.5 - https:\/\/yoast.com\/product\/yoast-seo-wordpress\/ -->\n<title>Visite de Travail du Ministre s\u00e9n\u00e9galais de l&#039;\u00c9nergie, du P\u00e9trole et des Mines \u00e0 Nouakchott - SMH<\/title>\n<meta name=\"robots\" content=\"index, follow, max-snippet:-1, max-image-preview:large, max-video-preview:-1\" \/>\n<link rel=\"canonical\" href=\"https:\/\/smh.mr\/fr\/visite-de-travail-du-ministre-senegalais-de-lenergie-du-petrole-et-des-mines-a-nouakchott\/\" \/>\n<meta property=\"og:locale\" content=\"fr_FR\" \/>\n<meta property=\"og:type\" content=\"article\" \/>\n<meta property=\"og:title\" content=\"Visite de Travail du Ministre s\u00e9n\u00e9galais de l&#039;\u00c9nergie, du P\u00e9trole et des Mines \u00e0 Nouakchott - SMH\" \/>\n<meta property=\"og:description\" content=\"Son Excellence Monsieur Mohamed OULD KHALED, Ministre de l&rsquo;\u00c9nergie et du P\u00e9trole de la R\u00e9publique Islamique de Mauritanie, accompagn\u00e9 de Monsieur Ismail Abdelvettah, Directeur G\u00e9n\u00e9ral de la Soci\u00e9t\u00e9 Mauritanienne des Hydrocarbures (SMH), a accueilli le 19 d\u00e9cembre 2024 \u00e0 Nouakchott une d\u00e9l\u00e9gation s\u00e9n\u00e9galaise de haut niveau conduite par Son Excellence Monsieur Birame Souleye Diop, Ministre [&hellip;]\" \/>\n<meta property=\"og:url\" content=\"https:\/\/smh.mr\/fr\/visite-de-travail-du-ministre-senegalais-de-lenergie-du-petrole-et-des-mines-a-nouakchott\/\" \/>\n<meta property=\"og:site_name\" content=\"SMH\" \/>\n<meta property=\"article:published_time\" content=\"2024-12-19T15:16:28+00:00\" \/>\n<meta property=\"article:modified_time\" content=\"2025-01-06T17:29:57+00:00\" \/>\n<meta property=\"og:image\" content=\"https:\/\/smh.mr\/wp-content\/uploads\/2024\/12\/site.png\" \/>\n\t<meta property=\"og:image:width\" content=\"762\" \/>\n\t<meta property=\"og:image:height\" content=\"763\" \/>\n\t<meta property=\"og:image:type\" content=\"image\/png\" \/>\n<meta name=\"author\" content=\"admin\" \/>\n<meta name=\"twitter:card\" content=\"summary_large_image\" \/>\n<meta name=\"twitter:label1\" content=\"\u00c9crit par\" \/>\n\t<meta name=\"twitter:data1\" content=\"admin\" \/>\n\t<meta name=\"twitter:label2\" content=\"Dur\u00e9e de lecture estim\u00e9e\" \/>\n\t<meta name=\"twitter:data2\" content=\"2 minutes\" \/>\n<script type=\"application\/ld+json\" class=\"yoast-schema-graph\">{\"@context\":\"https:\\\/\\\/schema.org\",\"@graph\":[{\"@type\":\"Article\",\"@id\":\"https:\\\/\\\/smh.mr\\\/fr\\\/visite-de-travail-du-ministre-senegalais-de-lenergie-du-petrole-et-des-mines-a-nouakchott\\\/#article\",\"isPartOf\":{\"@id\":\"https:\\\/\\\/smh.mr\\\/fr\\\/visite-de-travail-du-ministre-senegalais-de-lenergie-du-petrole-et-des-mines-a-nouakchott\\\/\"},\"author\":{\"name\":\"admin\",\"@id\":\"https:\\\/\\\/smh.mr\\\/fr\\\/#\\\/schema\\\/person\\\/c015b514348ae56afb47feefa674b2a7\"},\"headline\":\"Visite de Travail du Ministre s\u00e9n\u00e9galais de l&rsquo;\u00c9nergie, du P\u00e9trole et des Mines \u00e0 Nouakchott\",\"datePublished\":\"2024-12-19T15:16:28+00:00\",\"dateModified\":\"2025-01-06T17:29:57+00:00\",\"mainEntityOfPage\":{\"@id\":\"https:\\\/\\\/smh.mr\\\/fr\\\/visite-de-travail-du-ministre-senegalais-de-lenergie-du-petrole-et-des-mines-a-nouakchott\\\/\"},\"wordCount\":404,\"image\":{\"@id\":\"https:\\\/\\\/smh.mr\\\/fr\\\/visite-de-travail-du-ministre-senegalais-de-lenergie-du-petrole-et-des-mines-a-nouakchott\\\/#primaryimage\"},\"thumbnailUrl\":\"https:\\\/\\\/smh.mr\\\/wp-content\\\/uploads\\\/2024\\\/12\\\/site.png\",\"articleSection\":[\"Actualit\u00e9s\"],\"inLanguage\":\"fr-FR\"},{\"@type\":\"WebPage\",\"@id\":\"https:\\\/\\\/smh.mr\\\/fr\\\/visite-de-travail-du-ministre-senegalais-de-lenergie-du-petrole-et-des-mines-a-nouakchott\\\/\",\"url\":\"https:\\\/\\\/smh.mr\\\/fr\\\/visite-de-travail-du-ministre-senegalais-de-lenergie-du-petrole-et-des-mines-a-nouakchott\\\/\",\"name\":\"Visite de Travail du Ministre s\u00e9n\u00e9galais de l'\u00c9nergie, du P\u00e9trole et des Mines \u00e0 Nouakchott - SMH\",\"isPartOf\":{\"@id\":\"https:\\\/\\\/smh.mr\\\/fr\\\/#website\"},\"primaryImageOfPage\":{\"@id\":\"https:\\\/\\\/smh.mr\\\/fr\\\/visite-de-travail-du-ministre-senegalais-de-lenergie-du-petrole-et-des-mines-a-nouakchott\\\/#primaryimage\"},\"image\":{\"@id\":\"https:\\\/\\\/smh.mr\\\/fr\\\/visite-de-travail-du-ministre-senegalais-de-lenergie-du-petrole-et-des-mines-a-nouakchott\\\/#primaryimage\"},\"thumbnailUrl\":\"https:\\\/\\\/smh.mr\\\/wp-content\\\/uploads\\\/2024\\\/12\\\/site.png\",\"datePublished\":\"2024-12-19T15:16:28+00:00\",\"dateModified\":\"2025-01-06T17:29:57+00:00\",\"author\":{\"@id\":\"https:\\\/\\\/smh.mr\\\/fr\\\/#\\\/schema\\\/person\\\/c015b514348ae56afb47feefa674b2a7\"},\"breadcrumb\":{\"@id\":\"https:\\\/\\\/smh.mr\\\/fr\\\/visite-de-travail-du-ministre-senegalais-de-lenergie-du-petrole-et-des-mines-a-nouakchott\\\/#breadcrumb\"},\"inLanguage\":\"fr-FR\",\"potentialAction\":[{\"@type\":\"ReadAction\",\"target\":[\"https:\\\/\\\/smh.mr\\\/fr\\\/visite-de-travail-du-ministre-senegalais-de-lenergie-du-petrole-et-des-mines-a-nouakchott\\\/\"]}]},{\"@type\":\"ImageObject\",\"inLanguage\":\"fr-FR\",\"@id\":\"https:\\\/\\\/smh.mr\\\/fr\\\/visite-de-travail-du-ministre-senegalais-de-lenergie-du-petrole-et-des-mines-a-nouakchott\\\/#primaryimage\",\"url\":\"https:\\\/\\\/smh.mr\\\/wp-content\\\/uploads\\\/2024\\\/12\\\/site.png\",\"contentUrl\":\"https:\\\/\\\/smh.mr\\\/wp-content\\\/uploads\\\/2024\\\/12\\\/site.png\",\"width\":762,\"height\":763},{\"@type\":\"BreadcrumbList\",\"@id\":\"https:\\\/\\\/smh.mr\\\/fr\\\/visite-de-travail-du-ministre-senegalais-de-lenergie-du-petrole-et-des-mines-a-nouakchott\\\/#breadcrumb\",\"itemListElement\":[{\"@type\":\"ListItem\",\"position\":1,\"name\":\"Home\",\"item\":\"https:\\\/\\\/smh.mr\\\/fr\\\/\"},{\"@type\":\"ListItem\",\"position\":2,\"name\":\"Visite de Travail du Ministre s\u00e9n\u00e9galais de l&#8217;\u00c9nergie, du P\u00e9trole et des Mines \u00e0 Nouakchott\"}]},{\"@type\":\"WebSite\",\"@id\":\"https:\\\/\\\/smh.mr\\\/fr\\\/#website\",\"url\":\"https:\\\/\\\/smh.mr\\\/fr\\\/\",\"name\":\"SMH\",\"description\":\"Mauritanian Hydrocarbons Company\",\"potentialAction\":[{\"@type\":\"SearchAction\",\"target\":{\"@type\":\"EntryPoint\",\"urlTemplate\":\"https:\\\/\\\/smh.mr\\\/fr\\\/?s={search_term_string}\"},\"query-input\":{\"@type\":\"PropertyValueSpecification\",\"valueRequired\":true,\"valueName\":\"search_term_string\"}}],\"inLanguage\":\"fr-FR\"},{\"@type\":\"Person\",\"@id\":\"https:\\\/\\\/smh.mr\\\/fr\\\/#\\\/schema\\\/person\\\/c015b514348ae56afb47feefa674b2a7\",\"name\":\"admin\",\"image\":{\"@type\":\"ImageObject\",\"inLanguage\":\"fr-FR\",\"@id\":\"https:\\\/\\\/secure.gravatar.com\\\/avatar\\\/7bd73e456dbe0d4f2e9f035ecd4f7c49ef8a47a8410f703882294a8e9f87ba6b?s=96&d=mm&r=g\",\"url\":\"https:\\\/\\\/secure.gravatar.com\\\/avatar\\\/7bd73e456dbe0d4f2e9f035ecd4f7c49ef8a47a8410f703882294a8e9f87ba6b?s=96&d=mm&r=g\",\"contentUrl\":\"https:\\\/\\\/secure.gravatar.com\\\/avatar\\\/7bd73e456dbe0d4f2e9f035ecd4f7c49ef8a47a8410f703882294a8e9f87ba6b?s=96&d=mm&r=g\",\"caption\":\"admin\"},\"sameAs\":[\"https:\\\/\\\/smh.mr\"],\"url\":\"https:\\\/\\\/smh.mr\\\/fr\\\/author\\\/admin\\\/\"}]}<\/script>\n<!-- \/ Yoast SEO plugin. -->","yoast_head_json":{"title":"Visite de Travail du Ministre s\u00e9n\u00e9galais de l'\u00c9nergie, du P\u00e9trole et des Mines \u00e0 Nouakchott - SMH","robots":{"index":"index","follow":"follow","max-snippet":"max-snippet:-1","max-image-preview":"max-image-preview:large","max-video-preview":"max-video-preview:-1"},"canonical":"https:\/\/smh.mr\/fr\/visite-de-travail-du-ministre-senegalais-de-lenergie-du-petrole-et-des-mines-a-nouakchott\/","og_locale":"fr_FR","og_type":"article","og_title":"Visite de Travail du Ministre s\u00e9n\u00e9galais de l'\u00c9nergie, du P\u00e9trole et des Mines \u00e0 Nouakchott - SMH","og_description":"Son Excellence Monsieur Mohamed OULD KHALED, Ministre de l&rsquo;\u00c9nergie et du P\u00e9trole de la R\u00e9publique Islamique de Mauritanie, accompagn\u00e9 de Monsieur Ismail Abdelvettah, Directeur G\u00e9n\u00e9ral de la Soci\u00e9t\u00e9 Mauritanienne des Hydrocarbures (SMH), a accueilli le 19 d\u00e9cembre 2024 \u00e0 Nouakchott une d\u00e9l\u00e9gation s\u00e9n\u00e9galaise de haut niveau conduite par Son Excellence Monsieur Birame Souleye Diop, Ministre [&hellip;]","og_url":"https:\/\/smh.mr\/fr\/visite-de-travail-du-ministre-senegalais-de-lenergie-du-petrole-et-des-mines-a-nouakchott\/","og_site_name":"SMH","article_published_time":"2024-12-19T15:16:28+00:00","article_modified_time":"2025-01-06T17:29:57+00:00","og_image":[{"width":762,"height":763,"url":"https:\/\/smh.mr\/wp-content\/uploads\/2024\/12\/site.png","type":"image\/png"}],"author":"admin","twitter_card":"summary_large_image","twitter_misc":{"\u00c9crit par":"admin","Dur\u00e9e de lecture estim\u00e9e":"2 minutes"},"schema":{"@context":"https:\/\/schema.org","@graph":[{"@type":"Article","@id":"https:\/\/smh.mr\/fr\/visite-de-travail-du-ministre-senegalais-de-lenergie-du-petrole-et-des-mines-a-nouakchott\/#article","isPartOf":{"@id":"https:\/\/smh.mr\/fr\/visite-de-travail-du-ministre-senegalais-de-lenergie-du-petrole-et-des-mines-a-nouakchott\/"},"author":{"name":"admin","@id":"https:\/\/smh.mr\/fr\/#\/schema\/person\/c015b514348ae56afb47feefa674b2a7"},"headline":"Visite de Travail du Ministre s\u00e9n\u00e9galais de l&rsquo;\u00c9nergie, du P\u00e9trole et des Mines \u00e0 Nouakchott","datePublished":"2024-12-19T15:16:28+00:00","dateModified":"2025-01-06T17:29:57+00:00","mainEntityOfPage":{"@id":"https:\/\/smh.mr\/fr\/visite-de-travail-du-ministre-senegalais-de-lenergie-du-petrole-et-des-mines-a-nouakchott\/"},"wordCount":404,"image":{"@id":"https:\/\/smh.mr\/fr\/visite-de-travail-du-ministre-senegalais-de-lenergie-du-petrole-et-des-mines-a-nouakchott\/#primaryimage"},"thumbnailUrl":"https:\/\/smh.mr\/wp-content\/uploads\/2024\/12\/site.png","articleSection":["Actualit\u00e9s"],"inLanguage":"fr-FR"},{"@type":"WebPage","@id":"https:\/\/smh.mr\/fr\/visite-de-travail-du-ministre-senegalais-de-lenergie-du-petrole-et-des-mines-a-nouakchott\/","url":"https:\/\/smh.mr\/fr\/visite-de-travail-du-ministre-senegalais-de-lenergie-du-petrole-et-des-mines-a-nouakchott\/","name":"Visite de Travail du Ministre s\u00e9n\u00e9galais de l'\u00c9nergie, du P\u00e9trole et des Mines \u00e0 Nouakchott - SMH","isPartOf":{"@id":"https:\/\/smh.mr\/fr\/#website"},"primaryImageOfPage":{"@id":"https:\/\/smh.mr\/fr\/visite-de-travail-du-ministre-senegalais-de-lenergie-du-petrole-et-des-mines-a-nouakchott\/#primaryimage"},"image":{"@id":"https:\/\/smh.mr\/fr\/visite-de-travail-du-ministre-senegalais-de-lenergie-du-petrole-et-des-mines-a-nouakchott\/#primaryimage"},"thumbnailUrl":"https:\/\/smh.mr\/wp-content\/uploads\/2024\/12\/site.png","datePublished":"2024-12-19T15:16:28+00:00","dateModified":"2025-01-06T17:29:57+00:00","author":{"@id":"https:\/\/smh.mr\/fr\/#\/schema\/person\/c015b514348ae56afb47feefa674b2a7"},"breadcrumb":{"@id":"https:\/\/smh.mr\/fr\/visite-de-travail-du-ministre-senegalais-de-lenergie-du-petrole-et-des-mines-a-nouakchott\/#breadcrumb"},"inLanguage":"fr-FR","potentialAction":[{"@type":"ReadAction","target":["https:\/\/smh.mr\/fr\/visite-de-travail-du-ministre-senegalais-de-lenergie-du-petrole-et-des-mines-a-nouakchott\/"]}]},{"@type":"ImageObject","inLanguage":"fr-FR","@id":"https:\/\/smh.mr\/fr\/visite-de-travail-du-ministre-senegalais-de-lenergie-du-petrole-et-des-mines-a-nouakchott\/#primaryimage","url":"https:\/\/smh.mr\/wp-content\/uploads\/2024\/12\/site.png","contentUrl":"https:\/\/smh.mr\/wp-content\/uploads\/2024\/12\/site.png","width":762,"height":763},{"@type":"BreadcrumbList","@id":"https:\/\/smh.mr\/fr\/visite-de-travail-du-ministre-senegalais-de-lenergie-du-petrole-et-des-mines-a-nouakchott\/#breadcrumb","itemListElement":[{"@type":"ListItem","position":1,"name":"Home","item":"https:\/\/smh.mr\/fr\/"},{"@type":"ListItem","position":2,"name":"Visite de Travail du Ministre s\u00e9n\u00e9galais de l&#8217;\u00c9nergie, du P\u00e9trole et des Mines \u00e0 Nouakchott"}]},{"@type":"WebSite","@id":"https:\/\/smh.mr\/fr\/#website","url":"https:\/\/smh.mr\/fr\/","name":"SMH","description":"Mauritanian Hydrocarbons Company","potentialAction":[{"@type":"SearchAction","target":{"@type":"EntryPoint","urlTemplate":"https:\/\/smh.mr\/fr\/?s={search_term_string}"},"query-input":{"@type":"PropertyValueSpecification","valueRequired":true,"valueName":"search_term_string"}}],"inLanguage":"fr-FR"},{"@type":"Person","@id":"https:\/\/smh.mr\/fr\/#\/schema\/person\/c015b514348ae56afb47feefa674b2a7","name":"admin","image":{"@type":"ImageObject","inLanguage":"fr-FR","@id":"https:\/\/secure.gravatar.com\/avatar\/7bd73e456dbe0d4f2e9f035ecd4f7c49ef8a47a8410f703882294a8e9f87ba6b?s=96&d=mm&r=g","url":"https:\/\/secure.gravatar.com\/avatar\/7bd73e456dbe0d4f2e9f035ecd4f7c49ef8a47a8410f703882294a8e9f87ba6b?s=96&d=mm&r=g","contentUrl":"https:\/\/secure.gravatar.com\/avatar\/7bd73e456dbe0d4f2e9f035ecd4f7c49ef8a47a8410f703882294a8e9f87ba6b?s=96&d=mm&r=g","caption":"admin"},"sameAs":["https:\/\/smh.mr"],"url":"https:\/\/smh.mr\/fr\/author\/admin\/"}]}},"_links":{"self":[{"href":"https:\/\/smh.mr\/fr\/wp-json\/wp\/v2\/posts\/6750","targetHints":{"allow":["GET"]}}],"collection":[{"href":"https:\/\/smh.mr\/fr\/wp-json\/wp\/v2\/posts"}],"about":[{"href":"https:\/\/smh.mr\/fr\/wp-json\/wp\/v2\/types\/post"}],"author":[{"embeddable":true,"href":"https:\/\/smh.mr\/fr\/wp-json\/wp\/v2\/users\/1"}],"replies":[{"embeddable":true,"href":"https:\/\/smh.mr\/fr\/wp-json\/wp\/v2\/comments?post=6750"}],"version-history":[{"count":3,"href":"https:\/\/smh.mr\/fr\/wp-json\/wp\/v2\/posts\/6750\/revisions"}],"predecessor-version":[{"id":6810,"href":"https:\/\/smh.mr\/fr\/wp-json\/wp\/v2\/posts\/6750\/revisions\/6810"}],"wp:featuredmedia":[{"embeddable":true,"href":"https:\/\/smh.mr\/fr\/wp-json\/wp\/v2\/media\/6808"}],"wp:attachment":[{"href":"https:\/\/smh.mr\/fr\/wp-json\/wp\/v2\/media?parent=6750"}],"wp:term":[{"taxonomy":"category","embeddable":true,"href":"https:\/\/smh.mr\/fr\/wp-json\/wp\/v2\/categories?post=6750"},{"taxonomy":"post_tag","embeddable":true,"href":"https:\/\/smh.mr\/fr\/wp-json\/wp\/v2\/tags?post=6750"}],"curies":[{"name":"wp","href":"https:\/\/api.w.org\/{rel}","templated":true}]}}