{"id":6522,"date":"2024-11-18T15:50:09","date_gmt":"2024-11-18T15:50:09","guid":{"rendered":"https:\/\/smh.mr\/?p=6522"},"modified":"2024-11-18T15:57:17","modified_gmt":"2024-11-18T15:57:17","slug":"la-mauritanie-participe-au-sommet-cop29-a-bakou-azerbaidjan","status":"publish","type":"post","link":"https:\/\/smh.mr\/fr\/la-mauritanie-participe-au-sommet-cop29-a-bakou-azerbaidjan\/","title":{"rendered":"La Mauritanie participe au Sommet COP29 \u00e0 Bakou, Azerba\u00efdjan"},"content":{"rendered":"\n<p>Le Mercredi matin, Son Excellence le Pr\u00e9sident de la R\u00e9publique, M. Mohamed Ould Cheikh El Ghazouani, a visit\u00e9 le pavillon mauritanien lors du Sommet COP29 de la Convention-cadre des Nations Unies sur les changements climatiques (CCNUCC) \u00e0 Bakou, en Azerba\u00efdjan.<\/p>\n\n\n\n<p>\u00c0 son arriv\u00e9e, le Pr\u00e9sident de la R\u00e9publique a \u00e9t\u00e9 chaleureusement accueilli par Son Excellence le Ministre de l&rsquo;\u00c9nergie et du P\u00e9trole, M. Mohamed Ould Khaled, et Son Excellence la Ministre de l&rsquo;Environnement et du D\u00e9veloppement Durable, Mme Messaouda Mint Baham, ainsi que par le Directeur G\u00e9n\u00e9ral de la SMH, M. Ismail Ould Abdel Vetah, et d&rsquo;autres membres de la d\u00e9l\u00e9gation participant au sommet.<\/p>\n\n\n\n<p>Au cours de la visite, le Pr\u00e9sident de la R\u00e9publique a rencontr\u00e9 M. Gordon Birrell, Vice-Pr\u00e9sident Ex\u00e9cutif de bp, ainsi que des responsables d&rsquo;organisations actives dans le secteur de l&rsquo;\u00e9nergie en Mauritanie.<\/p>\n\n\n\n<p>Le pavillon mauritanien, organis\u00e9 par le Minist\u00e8re de l&rsquo;\u00c9nergie en collaboration avec le Minist\u00e8re de l&rsquo;Environnement et du D\u00e9veloppement Durable et d&rsquo;autres secteurs minist\u00e9riels concern\u00e9s, accueille \u00e9galement des repr\u00e9sentants d&rsquo;organisations de la soci\u00e9t\u00e9 civile et des entreprises nationales int\u00e9ress\u00e9es par les questions environnementales. Le pavillon sera ouvert pendant plusieurs jours et proposera des sessions et des discussions th\u00e9matiques autour des enjeux principaux du sommet.<\/p>\n\n\n\n<p>L&rsquo;objectif du pavillon est de mettre en lumi\u00e8re les d\u00e9fis auxquels la Mauritanie est confront\u00e9e en mati\u00e8re de changement climatique et de pr\u00e9senter ses plans pour r\u00e9ussir une transition \u00e9nerg\u00e9tique durable.<\/p>\n","protected":false},"excerpt":{"rendered":"<p>Le Mercredi matin, Son Excellence le Pr\u00e9sident de la R\u00e9publique, M. Mohamed Ould Cheikh El Ghazouani, a visit\u00e9 le pavillon mauritanien lors du Sommet COP29 de la Convention-cadre des Nations Unies sur les changements climatiques (CCNUCC) \u00e0 Bakou, en Azerba\u00efdjan. \u00c0 son arriv\u00e9e, le Pr\u00e9sident de la R\u00e9publique a \u00e9t\u00e9 chaleureusement accueilli par Son Excellence [&hellip;]<\/p>\n","protected":false},"author":1,"featured_media":6497,"comment_status":"closed","ping_status":"closed","sticky":false,"template":"","format":"standard","meta":{"footnotes":""},"categories":[94,81],"tags":[],"class_list":["post-6522","post","type-post","status-publish","format-standard","has-post-thumbnail","hentry","category-actualites","category-81"],"yoast_head":"<!-- This site is optimized with the Yoast SEO plugin v27.5 - https:\/\/yoast.com\/product\/yoast-seo-wordpress\/ -->\n<title>La Mauritanie participe au Sommet COP29 \u00e0 Bakou, Azerba\u00efdjan - SMH<\/title>\n<meta name=\"robots\" content=\"index, follow, max-snippet:-1, max-image-preview:large, max-video-preview:-1\" \/>\n<link rel=\"canonical\" href=\"https:\/\/smh.mr\/fr\/la-mauritanie-participe-au-sommet-cop29-a-bakou-azerbaidjan\/\" \/>\n<meta property=\"og:locale\" content=\"fr_FR\" \/>\n<meta property=\"og:type\" content=\"article\" \/>\n<meta property=\"og:title\" content=\"La Mauritanie participe au Sommet COP29 \u00e0 Bakou, Azerba\u00efdjan - SMH\" \/>\n<meta property=\"og:description\" content=\"Le Mercredi matin, Son Excellence le Pr\u00e9sident de la R\u00e9publique, M. Mohamed Ould Cheikh El Ghazouani, a visit\u00e9 le pavillon mauritanien lors du Sommet COP29 de la Convention-cadre des Nations Unies sur les changements climatiques (CCNUCC) \u00e0 Bakou, en Azerba\u00efdjan. \u00c0 son arriv\u00e9e, le Pr\u00e9sident de la R\u00e9publique a \u00e9t\u00e9 chaleureusement accueilli par Son Excellence [&hellip;]\" \/>\n<meta property=\"og:url\" content=\"https:\/\/smh.mr\/fr\/la-mauritanie-participe-au-sommet-cop29-a-bakou-azerbaidjan\/\" \/>\n<meta property=\"og:site_name\" content=\"SMH\" \/>\n<meta property=\"article:published_time\" content=\"2024-11-18T15:50:09+00:00\" \/>\n<meta property=\"article:modified_time\" content=\"2024-11-18T15:57:17+00:00\" \/>\n<meta property=\"og:image\" content=\"https:\/\/smh.mr\/wp-content\/uploads\/2024\/11\/cop.png\" \/>\n\t<meta property=\"og:image:width\" content=\"780\" \/>\n\t<meta property=\"og:image:height\" content=\"780\" \/>\n\t<meta property=\"og:image:type\" content=\"image\/png\" \/>\n<meta name=\"author\" content=\"admin\" \/>\n<meta name=\"twitter:card\" content=\"summary_large_image\" \/>\n<meta name=\"twitter:label1\" content=\"\u00c9crit par\" \/>\n\t<meta name=\"twitter:data1\" content=\"admin\" \/>\n\t<meta name=\"twitter:label2\" content=\"Dur\u00e9e de lecture estim\u00e9e\" \/>\n\t<meta name=\"twitter:data2\" content=\"3 minutes\" \/>\n<script type=\"application\/ld+json\" class=\"yoast-schema-graph\">{\"@context\":\"https:\\\/\\\/schema.org\",\"@graph\":[{\"@type\":\"Article\",\"@id\":\"https:\\\/\\\/smh.mr\\\/fr\\\/la-mauritanie-participe-au-sommet-cop29-a-bakou-azerbaidjan\\\/#article\",\"isPartOf\":{\"@id\":\"https:\\\/\\\/smh.mr\\\/fr\\\/la-mauritanie-participe-au-sommet-cop29-a-bakou-azerbaidjan\\\/\"},\"author\":{\"name\":\"admin\",\"@id\":\"https:\\\/\\\/smh.mr\\\/fr\\\/#\\\/schema\\\/person\\\/c015b514348ae56afb47feefa674b2a7\"},\"headline\":\"La Mauritanie participe au Sommet COP29 \u00e0 Bakou, Azerba\u00efdjan\",\"datePublished\":\"2024-11-18T15:50:09+00:00\",\"dateModified\":\"2024-11-18T15:57:17+00:00\",\"mainEntityOfPage\":{\"@id\":\"https:\\\/\\\/smh.mr\\\/fr\\\/la-mauritanie-participe-au-sommet-cop29-a-bakou-azerbaidjan\\\/\"},\"wordCount\":281,\"image\":{\"@id\":\"https:\\\/\\\/smh.mr\\\/fr\\\/la-mauritanie-participe-au-sommet-cop29-a-bakou-azerbaidjan\\\/#primaryimage\"},\"thumbnailUrl\":\"https:\\\/\\\/smh.mr\\\/wp-content\\\/uploads\\\/2024\\\/11\\\/cop.png\",\"articleSection\":[\"Actualit\u00e9s\",\"\u063a\u064a\u0631 \u0645\u0635\u0646\u0641\"],\"inLanguage\":\"fr-FR\"},{\"@type\":\"WebPage\",\"@id\":\"https:\\\/\\\/smh.mr\\\/fr\\\/la-mauritanie-participe-au-sommet-cop29-a-bakou-azerbaidjan\\\/\",\"url\":\"https:\\\/\\\/smh.mr\\\/fr\\\/la-mauritanie-participe-au-sommet-cop29-a-bakou-azerbaidjan\\\/\",\"name\":\"La Mauritanie participe au Sommet COP29 \u00e0 Bakou, Azerba\u00efdjan - SMH\",\"isPartOf\":{\"@id\":\"https:\\\/\\\/smh.mr\\\/fr\\\/#website\"},\"primaryImageOfPage\":{\"@id\":\"https:\\\/\\\/smh.mr\\\/fr\\\/la-mauritanie-participe-au-sommet-cop29-a-bakou-azerbaidjan\\\/#primaryimage\"},\"image\":{\"@id\":\"https:\\\/\\\/smh.mr\\\/fr\\\/la-mauritanie-participe-au-sommet-cop29-a-bakou-azerbaidjan\\\/#primaryimage\"},\"thumbnailUrl\":\"https:\\\/\\\/smh.mr\\\/wp-content\\\/uploads\\\/2024\\\/11\\\/cop.png\",\"datePublished\":\"2024-11-18T15:50:09+00:00\",\"dateModified\":\"2024-11-18T15:57:17+00:00\",\"author\":{\"@id\":\"https:\\\/\\\/smh.mr\\\/fr\\\/#\\\/schema\\\/person\\\/c015b514348ae56afb47feefa674b2a7\"},\"breadcrumb\":{\"@id\":\"https:\\\/\\\/smh.mr\\\/fr\\\/la-mauritanie-participe-au-sommet-cop29-a-bakou-azerbaidjan\\\/#breadcrumb\"},\"inLanguage\":\"fr-FR\",\"potentialAction\":[{\"@type\":\"ReadAction\",\"target\":[\"https:\\\/\\\/smh.mr\\\/fr\\\/la-mauritanie-participe-au-sommet-cop29-a-bakou-azerbaidjan\\\/\"]}]},{\"@type\":\"ImageObject\",\"inLanguage\":\"fr-FR\",\"@id\":\"https:\\\/\\\/smh.mr\\\/fr\\\/la-mauritanie-participe-au-sommet-cop29-a-bakou-azerbaidjan\\\/#primaryimage\",\"url\":\"https:\\\/\\\/smh.mr\\\/wp-content\\\/uploads\\\/2024\\\/11\\\/cop.png\",\"contentUrl\":\"https:\\\/\\\/smh.mr\\\/wp-content\\\/uploads\\\/2024\\\/11\\\/cop.png\",\"width\":780,\"height\":780},{\"@type\":\"BreadcrumbList\",\"@id\":\"https:\\\/\\\/smh.mr\\\/fr\\\/la-mauritanie-participe-au-sommet-cop29-a-bakou-azerbaidjan\\\/#breadcrumb\",\"itemListElement\":[{\"@type\":\"ListItem\",\"position\":1,\"name\":\"Home\",\"item\":\"https:\\\/\\\/smh.mr\\\/fr\\\/\"},{\"@type\":\"ListItem\",\"position\":2,\"name\":\"La Mauritanie participe au Sommet COP29 \u00e0 Bakou, Azerba\u00efdjan\"}]},{\"@type\":\"WebSite\",\"@id\":\"https:\\\/\\\/smh.mr\\\/fr\\\/#website\",\"url\":\"https:\\\/\\\/smh.mr\\\/fr\\\/\",\"name\":\"SMH\",\"description\":\"Mauritanian Hydrocarbons Company\",\"potentialAction\":[{\"@type\":\"SearchAction\",\"target\":{\"@type\":\"EntryPoint\",\"urlTemplate\":\"https:\\\/\\\/smh.mr\\\/fr\\\/?s={search_term_string}\"},\"query-input\":{\"@type\":\"PropertyValueSpecification\",\"valueRequired\":true,\"valueName\":\"search_term_string\"}}],\"inLanguage\":\"fr-FR\"},{\"@type\":\"Person\",\"@id\":\"https:\\\/\\\/smh.mr\\\/fr\\\/#\\\/schema\\\/person\\\/c015b514348ae56afb47feefa674b2a7\",\"name\":\"admin\",\"image\":{\"@type\":\"ImageObject\",\"inLanguage\":\"fr-FR\",\"@id\":\"https:\\\/\\\/secure.gravatar.com\\\/avatar\\\/7bd73e456dbe0d4f2e9f035ecd4f7c49ef8a47a8410f703882294a8e9f87ba6b?s=96&d=mm&r=g\",\"url\":\"https:\\\/\\\/secure.gravatar.com\\\/avatar\\\/7bd73e456dbe0d4f2e9f035ecd4f7c49ef8a47a8410f703882294a8e9f87ba6b?s=96&d=mm&r=g\",\"contentUrl\":\"https:\\\/\\\/secure.gravatar.com\\\/avatar\\\/7bd73e456dbe0d4f2e9f035ecd4f7c49ef8a47a8410f703882294a8e9f87ba6b?s=96&d=mm&r=g\",\"caption\":\"admin\"},\"sameAs\":[\"https:\\\/\\\/smh.mr\"],\"url\":\"https:\\\/\\\/smh.mr\\\/fr\\\/author\\\/admin\\\/\"}]}<\/script>\n<!-- \/ Yoast SEO plugin. -->","yoast_head_json":{"title":"La Mauritanie participe au Sommet COP29 \u00e0 Bakou, Azerba\u00efdjan - SMH","robots":{"index":"index","follow":"follow","max-snippet":"max-snippet:-1","max-image-preview":"max-image-preview:large","max-video-preview":"max-video-preview:-1"},"canonical":"https:\/\/smh.mr\/fr\/la-mauritanie-participe-au-sommet-cop29-a-bakou-azerbaidjan\/","og_locale":"fr_FR","og_type":"article","og_title":"La Mauritanie participe au Sommet COP29 \u00e0 Bakou, Azerba\u00efdjan - SMH","og_description":"Le Mercredi matin, Son Excellence le Pr\u00e9sident de la R\u00e9publique, M. Mohamed Ould Cheikh El Ghazouani, a visit\u00e9 le pavillon mauritanien lors du Sommet COP29 de la Convention-cadre des Nations Unies sur les changements climatiques (CCNUCC) \u00e0 Bakou, en Azerba\u00efdjan. \u00c0 son arriv\u00e9e, le Pr\u00e9sident de la R\u00e9publique a \u00e9t\u00e9 chaleureusement accueilli par Son Excellence [&hellip;]","og_url":"https:\/\/smh.mr\/fr\/la-mauritanie-participe-au-sommet-cop29-a-bakou-azerbaidjan\/","og_site_name":"SMH","article_published_time":"2024-11-18T15:50:09+00:00","article_modified_time":"2024-11-18T15:57:17+00:00","og_image":[{"width":780,"height":780,"url":"https:\/\/smh.mr\/wp-content\/uploads\/2024\/11\/cop.png","type":"image\/png"}],"author":"admin","twitter_card":"summary_large_image","twitter_misc":{"\u00c9crit par":"admin","Dur\u00e9e de lecture estim\u00e9e":"3 minutes"},"schema":{"@context":"https:\/\/schema.org","@graph":[{"@type":"Article","@id":"https:\/\/smh.mr\/fr\/la-mauritanie-participe-au-sommet-cop29-a-bakou-azerbaidjan\/#article","isPartOf":{"@id":"https:\/\/smh.mr\/fr\/la-mauritanie-participe-au-sommet-cop29-a-bakou-azerbaidjan\/"},"author":{"name":"admin","@id":"https:\/\/smh.mr\/fr\/#\/schema\/person\/c015b514348ae56afb47feefa674b2a7"},"headline":"La Mauritanie participe au Sommet COP29 \u00e0 Bakou, Azerba\u00efdjan","datePublished":"2024-11-18T15:50:09+00:00","dateModified":"2024-11-18T15:57:17+00:00","mainEntityOfPage":{"@id":"https:\/\/smh.mr\/fr\/la-mauritanie-participe-au-sommet-cop29-a-bakou-azerbaidjan\/"},"wordCount":281,"image":{"@id":"https:\/\/smh.mr\/fr\/la-mauritanie-participe-au-sommet-cop29-a-bakou-azerbaidjan\/#primaryimage"},"thumbnailUrl":"https:\/\/smh.mr\/wp-content\/uploads\/2024\/11\/cop.png","articleSection":["Actualit\u00e9s","\u063a\u064a\u0631 \u0645\u0635\u0646\u0641"],"inLanguage":"fr-FR"},{"@type":"WebPage","@id":"https:\/\/smh.mr\/fr\/la-mauritanie-participe-au-sommet-cop29-a-bakou-azerbaidjan\/","url":"https:\/\/smh.mr\/fr\/la-mauritanie-participe-au-sommet-cop29-a-bakou-azerbaidjan\/","name":"La Mauritanie participe au Sommet COP29 \u00e0 Bakou, Azerba\u00efdjan - SMH","isPartOf":{"@id":"https:\/\/smh.mr\/fr\/#website"},"primaryImageOfPage":{"@id":"https:\/\/smh.mr\/fr\/la-mauritanie-participe-au-sommet-cop29-a-bakou-azerbaidjan\/#primaryimage"},"image":{"@id":"https:\/\/smh.mr\/fr\/la-mauritanie-participe-au-sommet-cop29-a-bakou-azerbaidjan\/#primaryimage"},"thumbnailUrl":"https:\/\/smh.mr\/wp-content\/uploads\/2024\/11\/cop.png","datePublished":"2024-11-18T15:50:09+00:00","dateModified":"2024-11-18T15:57:17+00:00","author":{"@id":"https:\/\/smh.mr\/fr\/#\/schema\/person\/c015b514348ae56afb47feefa674b2a7"},"breadcrumb":{"@id":"https:\/\/smh.mr\/fr\/la-mauritanie-participe-au-sommet-cop29-a-bakou-azerbaidjan\/#breadcrumb"},"inLanguage":"fr-FR","potentialAction":[{"@type":"ReadAction","target":["https:\/\/smh.mr\/fr\/la-mauritanie-participe-au-sommet-cop29-a-bakou-azerbaidjan\/"]}]},{"@type":"ImageObject","inLanguage":"fr-FR","@id":"https:\/\/smh.mr\/fr\/la-mauritanie-participe-au-sommet-cop29-a-bakou-azerbaidjan\/#primaryimage","url":"https:\/\/smh.mr\/wp-content\/uploads\/2024\/11\/cop.png","contentUrl":"https:\/\/smh.mr\/wp-content\/uploads\/2024\/11\/cop.png","width":780,"height":780},{"@type":"BreadcrumbList","@id":"https:\/\/smh.mr\/fr\/la-mauritanie-participe-au-sommet-cop29-a-bakou-azerbaidjan\/#breadcrumb","itemListElement":[{"@type":"ListItem","position":1,"name":"Home","item":"https:\/\/smh.mr\/fr\/"},{"@type":"ListItem","position":2,"name":"La Mauritanie participe au Sommet COP29 \u00e0 Bakou, Azerba\u00efdjan"}]},{"@type":"WebSite","@id":"https:\/\/smh.mr\/fr\/#website","url":"https:\/\/smh.mr\/fr\/","name":"SMH","description":"Mauritanian Hydrocarbons Company","potentialAction":[{"@type":"SearchAction","target":{"@type":"EntryPoint","urlTemplate":"https:\/\/smh.mr\/fr\/?s={search_term_string}"},"query-input":{"@type":"PropertyValueSpecification","valueRequired":true,"valueName":"search_term_string"}}],"inLanguage":"fr-FR"},{"@type":"Person","@id":"https:\/\/smh.mr\/fr\/#\/schema\/person\/c015b514348ae56afb47feefa674b2a7","name":"admin","image":{"@type":"ImageObject","inLanguage":"fr-FR","@id":"https:\/\/secure.gravatar.com\/avatar\/7bd73e456dbe0d4f2e9f035ecd4f7c49ef8a47a8410f703882294a8e9f87ba6b?s=96&d=mm&r=g","url":"https:\/\/secure.gravatar.com\/avatar\/7bd73e456dbe0d4f2e9f035ecd4f7c49ef8a47a8410f703882294a8e9f87ba6b?s=96&d=mm&r=g","contentUrl":"https:\/\/secure.gravatar.com\/avatar\/7bd73e456dbe0d4f2e9f035ecd4f7c49ef8a47a8410f703882294a8e9f87ba6b?s=96&d=mm&r=g","caption":"admin"},"sameAs":["https:\/\/smh.mr"],"url":"https:\/\/smh.mr\/fr\/author\/admin\/"}]}},"_links":{"self":[{"href":"https:\/\/smh.mr\/fr\/wp-json\/wp\/v2\/posts\/6522","targetHints":{"allow":["GET"]}}],"collection":[{"href":"https:\/\/smh.mr\/fr\/wp-json\/wp\/v2\/posts"}],"about":[{"href":"https:\/\/smh.mr\/fr\/wp-json\/wp\/v2\/types\/post"}],"author":[{"embeddable":true,"href":"https:\/\/smh.mr\/fr\/wp-json\/wp\/v2\/users\/1"}],"replies":[{"embeddable":true,"href":"https:\/\/smh.mr\/fr\/wp-json\/wp\/v2\/comments?post=6522"}],"version-history":[{"count":3,"href":"https:\/\/smh.mr\/fr\/wp-json\/wp\/v2\/posts\/6522\/revisions"}],"predecessor-version":[{"id":6529,"href":"https:\/\/smh.mr\/fr\/wp-json\/wp\/v2\/posts\/6522\/revisions\/6529"}],"wp:featuredmedia":[{"embeddable":true,"href":"https:\/\/smh.mr\/fr\/wp-json\/wp\/v2\/media\/6497"}],"wp:attachment":[{"href":"https:\/\/smh.mr\/fr\/wp-json\/wp\/v2\/media?parent=6522"}],"wp:term":[{"taxonomy":"category","embeddable":true,"href":"https:\/\/smh.mr\/fr\/wp-json\/wp\/v2\/categories?post=6522"},{"taxonomy":"post_tag","embeddable":true,"href":"https:\/\/smh.mr\/fr\/wp-json\/wp\/v2\/tags?post=6522"}],"curies":[{"name":"wp","href":"https:\/\/api.w.org\/{rel}","templated":true}]}}