{"id":5181,"date":"2023-10-20T01:48:00","date_gmt":"2023-10-20T01:48:00","guid":{"rendered":"https:\/\/smh.mr\/index.php\/2023\/10\/20\/une-delegation-du-departement-du-petrole-des-mines-et-de-lenergie-a-participe-a-la-semaine-africaine-de-lenergie-a-capetown-en-afrique-du-sud\/"},"modified":"2024-02-27T15:10:55","modified_gmt":"2024-02-27T15:10:55","slug":"une-delegation-du-departement-du-petrole-des-mines-et-de-lenergie-a-participe-a-la-semaine-africaine-de-lenergie-a-capetown-en-afrique-du-sud","status":"publish","type":"post","link":"https:\/\/smh.mr\/fr\/une-delegation-du-departement-du-petrole-des-mines-et-de-lenergie-a-participe-a-la-semaine-africaine-de-lenergie-a-capetown-en-afrique-du-sud\/","title":{"rendered":"Une d\u00e9l\u00e9gation du D\u00e9partement du P\u00e9trole, des Mines et de l\u2019Energie a particip\u00e9 \u00e0 la Semaine Africaine de l\u2019Energie \u00e0 CapeTown en Afrique du Sud"},"content":{"rendered":"\n<p>Une d\u00e9l\u00e9gation du D\u00e9partement du P\u00e9trole, des Mines et de l\u2019Energie a particip\u00e9 \u00e0 la Semaine Africaine de l\u2019Energie \u00e0 CapeTown en Afrique du Sud du 16 au 20 octobre 2023.<br\/>La d\u00e9l\u00e9gation comprend Son Excellence le Ministre, Mr. Nani Chrougha, le Directeur G\u00e9n\u00e9ral de la SMH, Mr. Tourad Abdel Baghi, le Conseiller Amont du Ministre, Mr. Khroumbaly Lehbib et le Chef du D\u00e9partement Commercial de la SMH, Mr. Moustapha Mohamed Lemine.<br\/>La d\u00e9l\u00e9gation a eu des r\u00e9unions importantes avec certains op\u00e9rateurs et investisseurs int\u00e9ress\u00e9s aux opportunit\u00e9s en Mauritanie comme PetroSA et Aramco Trading, Technip.<br\/>La d\u00e9l\u00e9gation a aussi particip\u00e9 \u00e0 certains panels importants relatifs notamment:<\/p>\n\n<ul class=\"wp-block-list\">\n<li>aux perspectives des activit\u00e9s E&amp;P en Afrique et dans la r\u00e9gion MSGBC,<\/li>\n\n\n\n<li>Au r\u00f4le des \u00e9nergies renouvelables et de l\u2019hydrog\u00e8ne vert dans l\u2019industrialisation du Continent et l\u2019\u00e9limination de la pauvret\u00e9 \u00e9nerg\u00e9tique,<\/li>\n\n\n\n<li>Le d\u00e9veloppement \u00e0 travers le Contenu local<\/li>\n<\/ul>\n","protected":false},"excerpt":{"rendered":"<p>Une d\u00e9l\u00e9gation du D\u00e9partement du P\u00e9trole, des Mines et de l\u2019Energie a particip\u00e9 \u00e0 la Semaine Africaine de l\u2019Energie \u00e0 CapeTown en Afrique du Sud du 16 au 20 octobre 2023.La d\u00e9l\u00e9gation comprend Son Excellence le Ministre, Mr. Nani Chrougha, le Directeur G\u00e9n\u00e9ral de la SMH, Mr. Tourad Abdel Baghi, le Conseiller Amont du Ministre, [&hellip;]<\/p>\n","protected":false},"author":1,"featured_media":5655,"comment_status":"closed","ping_status":"closed","sticky":false,"template":"","format":"standard","meta":{"footnotes":""},"categories":[94],"tags":[],"class_list":["post-5181","post","type-post","status-publish","format-standard","has-post-thumbnail","hentry","category-actualites"],"yoast_head":"<!-- This site is optimized with the Yoast SEO plugin v27.5 - https:\/\/yoast.com\/product\/yoast-seo-wordpress\/ -->\n<title>Une d\u00e9l\u00e9gation du D\u00e9partement du P\u00e9trole, des Mines et de l\u2019Energie a particip\u00e9 \u00e0 la Semaine Africaine de l\u2019Energie \u00e0 CapeTown en Afrique du Sud - SMH<\/title>\n<meta name=\"robots\" content=\"index, follow, max-snippet:-1, max-image-preview:large, max-video-preview:-1\" \/>\n<link rel=\"canonical\" href=\"https:\/\/smh.mr\/fr\/une-delegation-du-departement-du-petrole-des-mines-et-de-lenergie-a-participe-a-la-semaine-africaine-de-lenergie-a-capetown-en-afrique-du-sud\/\" \/>\n<meta property=\"og:locale\" content=\"fr_FR\" \/>\n<meta property=\"og:type\" content=\"article\" \/>\n<meta property=\"og:title\" content=\"Une d\u00e9l\u00e9gation du D\u00e9partement du P\u00e9trole, des Mines et de l\u2019Energie a particip\u00e9 \u00e0 la Semaine Africaine de l\u2019Energie \u00e0 CapeTown en Afrique du Sud - SMH\" \/>\n<meta property=\"og:description\" content=\"Une d\u00e9l\u00e9gation du D\u00e9partement du P\u00e9trole, des Mines et de l\u2019Energie a particip\u00e9 \u00e0 la Semaine Africaine de l\u2019Energie \u00e0 CapeTown en Afrique du Sud du 16 au 20 octobre 2023.La d\u00e9l\u00e9gation comprend Son Excellence le Ministre, Mr. Nani Chrougha, le Directeur G\u00e9n\u00e9ral de la SMH, Mr. Tourad Abdel Baghi, le Conseiller Amont du Ministre, [&hellip;]\" \/>\n<meta property=\"og:url\" content=\"https:\/\/smh.mr\/fr\/une-delegation-du-departement-du-petrole-des-mines-et-de-lenergie-a-participe-a-la-semaine-africaine-de-lenergie-a-capetown-en-afrique-du-sud\/\" \/>\n<meta property=\"og:site_name\" content=\"SMH\" \/>\n<meta property=\"article:published_time\" content=\"2023-10-20T01:48:00+00:00\" \/>\n<meta property=\"article:modified_time\" content=\"2024-02-27T15:10:55+00:00\" \/>\n<meta property=\"og:image\" content=\"https:\/\/smh.mr\/wp-content\/uploads\/2023\/10\/afric-du-sud.png\" \/>\n\t<meta property=\"og:image:width\" content=\"780\" \/>\n\t<meta property=\"og:image:height\" content=\"780\" \/>\n\t<meta property=\"og:image:type\" content=\"image\/png\" \/>\n<meta name=\"author\" content=\"admin\" \/>\n<meta name=\"twitter:card\" content=\"summary_large_image\" \/>\n<meta name=\"twitter:label1\" content=\"\u00c9crit par\" \/>\n\t<meta name=\"twitter:data1\" content=\"admin\" \/>\n\t<meta name=\"twitter:label2\" content=\"Dur\u00e9e de lecture estim\u00e9e\" \/>\n\t<meta name=\"twitter:data2\" content=\"1 minute\" \/>\n<script type=\"application\/ld+json\" class=\"yoast-schema-graph\">{\"@context\":\"https:\\\/\\\/schema.org\",\"@graph\":[{\"@type\":\"Article\",\"@id\":\"https:\\\/\\\/smh.mr\\\/fr\\\/une-delegation-du-departement-du-petrole-des-mines-et-de-lenergie-a-participe-a-la-semaine-africaine-de-lenergie-a-capetown-en-afrique-du-sud\\\/#article\",\"isPartOf\":{\"@id\":\"https:\\\/\\\/smh.mr\\\/fr\\\/une-delegation-du-departement-du-petrole-des-mines-et-de-lenergie-a-participe-a-la-semaine-africaine-de-lenergie-a-capetown-en-afrique-du-sud\\\/\"},\"author\":{\"name\":\"admin\",\"@id\":\"https:\\\/\\\/smh.mr\\\/fr\\\/#\\\/schema\\\/person\\\/c015b514348ae56afb47feefa674b2a7\"},\"headline\":\"Une d\u00e9l\u00e9gation du D\u00e9partement du P\u00e9trole, des Mines et de l\u2019Energie a particip\u00e9 \u00e0 la Semaine Africaine de l\u2019Energie \u00e0 CapeTown en Afrique du Sud\",\"datePublished\":\"2023-10-20T01:48:00+00:00\",\"dateModified\":\"2024-02-27T15:10:55+00:00\",\"mainEntityOfPage\":{\"@id\":\"https:\\\/\\\/smh.mr\\\/fr\\\/une-delegation-du-departement-du-petrole-des-mines-et-de-lenergie-a-participe-a-la-semaine-africaine-de-lenergie-a-capetown-en-afrique-du-sud\\\/\"},\"wordCount\":197,\"image\":{\"@id\":\"https:\\\/\\\/smh.mr\\\/fr\\\/une-delegation-du-departement-du-petrole-des-mines-et-de-lenergie-a-participe-a-la-semaine-africaine-de-lenergie-a-capetown-en-afrique-du-sud\\\/#primaryimage\"},\"thumbnailUrl\":\"https:\\\/\\\/smh.mr\\\/wp-content\\\/uploads\\\/2023\\\/10\\\/afric-du-sud.png\",\"articleSection\":[\"Actualit\u00e9s\"],\"inLanguage\":\"fr-FR\"},{\"@type\":\"WebPage\",\"@id\":\"https:\\\/\\\/smh.mr\\\/fr\\\/une-delegation-du-departement-du-petrole-des-mines-et-de-lenergie-a-participe-a-la-semaine-africaine-de-lenergie-a-capetown-en-afrique-du-sud\\\/\",\"url\":\"https:\\\/\\\/smh.mr\\\/fr\\\/une-delegation-du-departement-du-petrole-des-mines-et-de-lenergie-a-participe-a-la-semaine-africaine-de-lenergie-a-capetown-en-afrique-du-sud\\\/\",\"name\":\"Une d\u00e9l\u00e9gation du D\u00e9partement du P\u00e9trole, des Mines et de l\u2019Energie a particip\u00e9 \u00e0 la Semaine Africaine de l\u2019Energie \u00e0 CapeTown en Afrique du Sud - SMH\",\"isPartOf\":{\"@id\":\"https:\\\/\\\/smh.mr\\\/fr\\\/#website\"},\"primaryImageOfPage\":{\"@id\":\"https:\\\/\\\/smh.mr\\\/fr\\\/une-delegation-du-departement-du-petrole-des-mines-et-de-lenergie-a-participe-a-la-semaine-africaine-de-lenergie-a-capetown-en-afrique-du-sud\\\/#primaryimage\"},\"image\":{\"@id\":\"https:\\\/\\\/smh.mr\\\/fr\\\/une-delegation-du-departement-du-petrole-des-mines-et-de-lenergie-a-participe-a-la-semaine-africaine-de-lenergie-a-capetown-en-afrique-du-sud\\\/#primaryimage\"},\"thumbnailUrl\":\"https:\\\/\\\/smh.mr\\\/wp-content\\\/uploads\\\/2023\\\/10\\\/afric-du-sud.png\",\"datePublished\":\"2023-10-20T01:48:00+00:00\",\"dateModified\":\"2024-02-27T15:10:55+00:00\",\"author\":{\"@id\":\"https:\\\/\\\/smh.mr\\\/fr\\\/#\\\/schema\\\/person\\\/c015b514348ae56afb47feefa674b2a7\"},\"breadcrumb\":{\"@id\":\"https:\\\/\\\/smh.mr\\\/fr\\\/une-delegation-du-departement-du-petrole-des-mines-et-de-lenergie-a-participe-a-la-semaine-africaine-de-lenergie-a-capetown-en-afrique-du-sud\\\/#breadcrumb\"},\"inLanguage\":\"fr-FR\",\"potentialAction\":[{\"@type\":\"ReadAction\",\"target\":[\"https:\\\/\\\/smh.mr\\\/fr\\\/une-delegation-du-departement-du-petrole-des-mines-et-de-lenergie-a-participe-a-la-semaine-africaine-de-lenergie-a-capetown-en-afrique-du-sud\\\/\"]}]},{\"@type\":\"ImageObject\",\"inLanguage\":\"fr-FR\",\"@id\":\"https:\\\/\\\/smh.mr\\\/fr\\\/une-delegation-du-departement-du-petrole-des-mines-et-de-lenergie-a-participe-a-la-semaine-africaine-de-lenergie-a-capetown-en-afrique-du-sud\\\/#primaryimage\",\"url\":\"https:\\\/\\\/smh.mr\\\/wp-content\\\/uploads\\\/2023\\\/10\\\/afric-du-sud.png\",\"contentUrl\":\"https:\\\/\\\/smh.mr\\\/wp-content\\\/uploads\\\/2023\\\/10\\\/afric-du-sud.png\",\"width\":780,\"height\":780},{\"@type\":\"BreadcrumbList\",\"@id\":\"https:\\\/\\\/smh.mr\\\/fr\\\/une-delegation-du-departement-du-petrole-des-mines-et-de-lenergie-a-participe-a-la-semaine-africaine-de-lenergie-a-capetown-en-afrique-du-sud\\\/#breadcrumb\",\"itemListElement\":[{\"@type\":\"ListItem\",\"position\":1,\"name\":\"Home\",\"item\":\"https:\\\/\\\/smh.mr\\\/fr\\\/\"},{\"@type\":\"ListItem\",\"position\":2,\"name\":\"Une d\u00e9l\u00e9gation du D\u00e9partement du P\u00e9trole, des Mines et de l\u2019Energie a particip\u00e9 \u00e0 la Semaine Africaine de l\u2019Energie \u00e0 CapeTown en Afrique du Sud\"}]},{\"@type\":\"WebSite\",\"@id\":\"https:\\\/\\\/smh.mr\\\/fr\\\/#website\",\"url\":\"https:\\\/\\\/smh.mr\\\/fr\\\/\",\"name\":\"SMH\",\"description\":\"Mauritanian Hydrocarbons Company\",\"potentialAction\":[{\"@type\":\"SearchAction\",\"target\":{\"@type\":\"EntryPoint\",\"urlTemplate\":\"https:\\\/\\\/smh.mr\\\/fr\\\/?s={search_term_string}\"},\"query-input\":{\"@type\":\"PropertyValueSpecification\",\"valueRequired\":true,\"valueName\":\"search_term_string\"}}],\"inLanguage\":\"fr-FR\"},{\"@type\":\"Person\",\"@id\":\"https:\\\/\\\/smh.mr\\\/fr\\\/#\\\/schema\\\/person\\\/c015b514348ae56afb47feefa674b2a7\",\"name\":\"admin\",\"image\":{\"@type\":\"ImageObject\",\"inLanguage\":\"fr-FR\",\"@id\":\"https:\\\/\\\/secure.gravatar.com\\\/avatar\\\/7bd73e456dbe0d4f2e9f035ecd4f7c49ef8a47a8410f703882294a8e9f87ba6b?s=96&d=mm&r=g\",\"url\":\"https:\\\/\\\/secure.gravatar.com\\\/avatar\\\/7bd73e456dbe0d4f2e9f035ecd4f7c49ef8a47a8410f703882294a8e9f87ba6b?s=96&d=mm&r=g\",\"contentUrl\":\"https:\\\/\\\/secure.gravatar.com\\\/avatar\\\/7bd73e456dbe0d4f2e9f035ecd4f7c49ef8a47a8410f703882294a8e9f87ba6b?s=96&d=mm&r=g\",\"caption\":\"admin\"},\"sameAs\":[\"https:\\\/\\\/smh.mr\"],\"url\":\"https:\\\/\\\/smh.mr\\\/fr\\\/author\\\/admin\\\/\"}]}<\/script>\n<!-- \/ Yoast SEO plugin. -->","yoast_head_json":{"title":"Une d\u00e9l\u00e9gation du D\u00e9partement du P\u00e9trole, des Mines et de l\u2019Energie a particip\u00e9 \u00e0 la Semaine Africaine de l\u2019Energie \u00e0 CapeTown en Afrique du Sud - SMH","robots":{"index":"index","follow":"follow","max-snippet":"max-snippet:-1","max-image-preview":"max-image-preview:large","max-video-preview":"max-video-preview:-1"},"canonical":"https:\/\/smh.mr\/fr\/une-delegation-du-departement-du-petrole-des-mines-et-de-lenergie-a-participe-a-la-semaine-africaine-de-lenergie-a-capetown-en-afrique-du-sud\/","og_locale":"fr_FR","og_type":"article","og_title":"Une d\u00e9l\u00e9gation du D\u00e9partement du P\u00e9trole, des Mines et de l\u2019Energie a particip\u00e9 \u00e0 la Semaine Africaine de l\u2019Energie \u00e0 CapeTown en Afrique du Sud - SMH","og_description":"Une d\u00e9l\u00e9gation du D\u00e9partement du P\u00e9trole, des Mines et de l\u2019Energie a particip\u00e9 \u00e0 la Semaine Africaine de l\u2019Energie \u00e0 CapeTown en Afrique du Sud du 16 au 20 octobre 2023.La d\u00e9l\u00e9gation comprend Son Excellence le Ministre, Mr. Nani Chrougha, le Directeur G\u00e9n\u00e9ral de la SMH, Mr. Tourad Abdel Baghi, le Conseiller Amont du Ministre, [&hellip;]","og_url":"https:\/\/smh.mr\/fr\/une-delegation-du-departement-du-petrole-des-mines-et-de-lenergie-a-participe-a-la-semaine-africaine-de-lenergie-a-capetown-en-afrique-du-sud\/","og_site_name":"SMH","article_published_time":"2023-10-20T01:48:00+00:00","article_modified_time":"2024-02-27T15:10:55+00:00","og_image":[{"width":780,"height":780,"url":"https:\/\/smh.mr\/wp-content\/uploads\/2023\/10\/afric-du-sud.png","type":"image\/png"}],"author":"admin","twitter_card":"summary_large_image","twitter_misc":{"\u00c9crit par":"admin","Dur\u00e9e de lecture estim\u00e9e":"1 minute"},"schema":{"@context":"https:\/\/schema.org","@graph":[{"@type":"Article","@id":"https:\/\/smh.mr\/fr\/une-delegation-du-departement-du-petrole-des-mines-et-de-lenergie-a-participe-a-la-semaine-africaine-de-lenergie-a-capetown-en-afrique-du-sud\/#article","isPartOf":{"@id":"https:\/\/smh.mr\/fr\/une-delegation-du-departement-du-petrole-des-mines-et-de-lenergie-a-participe-a-la-semaine-africaine-de-lenergie-a-capetown-en-afrique-du-sud\/"},"author":{"name":"admin","@id":"https:\/\/smh.mr\/fr\/#\/schema\/person\/c015b514348ae56afb47feefa674b2a7"},"headline":"Une d\u00e9l\u00e9gation du D\u00e9partement du P\u00e9trole, des Mines et de l\u2019Energie a particip\u00e9 \u00e0 la Semaine Africaine de l\u2019Energie \u00e0 CapeTown en Afrique du Sud","datePublished":"2023-10-20T01:48:00+00:00","dateModified":"2024-02-27T15:10:55+00:00","mainEntityOfPage":{"@id":"https:\/\/smh.mr\/fr\/une-delegation-du-departement-du-petrole-des-mines-et-de-lenergie-a-participe-a-la-semaine-africaine-de-lenergie-a-capetown-en-afrique-du-sud\/"},"wordCount":197,"image":{"@id":"https:\/\/smh.mr\/fr\/une-delegation-du-departement-du-petrole-des-mines-et-de-lenergie-a-participe-a-la-semaine-africaine-de-lenergie-a-capetown-en-afrique-du-sud\/#primaryimage"},"thumbnailUrl":"https:\/\/smh.mr\/wp-content\/uploads\/2023\/10\/afric-du-sud.png","articleSection":["Actualit\u00e9s"],"inLanguage":"fr-FR"},{"@type":"WebPage","@id":"https:\/\/smh.mr\/fr\/une-delegation-du-departement-du-petrole-des-mines-et-de-lenergie-a-participe-a-la-semaine-africaine-de-lenergie-a-capetown-en-afrique-du-sud\/","url":"https:\/\/smh.mr\/fr\/une-delegation-du-departement-du-petrole-des-mines-et-de-lenergie-a-participe-a-la-semaine-africaine-de-lenergie-a-capetown-en-afrique-du-sud\/","name":"Une d\u00e9l\u00e9gation du D\u00e9partement du P\u00e9trole, des Mines et de l\u2019Energie a particip\u00e9 \u00e0 la Semaine Africaine de l\u2019Energie \u00e0 CapeTown en Afrique du Sud - SMH","isPartOf":{"@id":"https:\/\/smh.mr\/fr\/#website"},"primaryImageOfPage":{"@id":"https:\/\/smh.mr\/fr\/une-delegation-du-departement-du-petrole-des-mines-et-de-lenergie-a-participe-a-la-semaine-africaine-de-lenergie-a-capetown-en-afrique-du-sud\/#primaryimage"},"image":{"@id":"https:\/\/smh.mr\/fr\/une-delegation-du-departement-du-petrole-des-mines-et-de-lenergie-a-participe-a-la-semaine-africaine-de-lenergie-a-capetown-en-afrique-du-sud\/#primaryimage"},"thumbnailUrl":"https:\/\/smh.mr\/wp-content\/uploads\/2023\/10\/afric-du-sud.png","datePublished":"2023-10-20T01:48:00+00:00","dateModified":"2024-02-27T15:10:55+00:00","author":{"@id":"https:\/\/smh.mr\/fr\/#\/schema\/person\/c015b514348ae56afb47feefa674b2a7"},"breadcrumb":{"@id":"https:\/\/smh.mr\/fr\/une-delegation-du-departement-du-petrole-des-mines-et-de-lenergie-a-participe-a-la-semaine-africaine-de-lenergie-a-capetown-en-afrique-du-sud\/#breadcrumb"},"inLanguage":"fr-FR","potentialAction":[{"@type":"ReadAction","target":["https:\/\/smh.mr\/fr\/une-delegation-du-departement-du-petrole-des-mines-et-de-lenergie-a-participe-a-la-semaine-africaine-de-lenergie-a-capetown-en-afrique-du-sud\/"]}]},{"@type":"ImageObject","inLanguage":"fr-FR","@id":"https:\/\/smh.mr\/fr\/une-delegation-du-departement-du-petrole-des-mines-et-de-lenergie-a-participe-a-la-semaine-africaine-de-lenergie-a-capetown-en-afrique-du-sud\/#primaryimage","url":"https:\/\/smh.mr\/wp-content\/uploads\/2023\/10\/afric-du-sud.png","contentUrl":"https:\/\/smh.mr\/wp-content\/uploads\/2023\/10\/afric-du-sud.png","width":780,"height":780},{"@type":"BreadcrumbList","@id":"https:\/\/smh.mr\/fr\/une-delegation-du-departement-du-petrole-des-mines-et-de-lenergie-a-participe-a-la-semaine-africaine-de-lenergie-a-capetown-en-afrique-du-sud\/#breadcrumb","itemListElement":[{"@type":"ListItem","position":1,"name":"Home","item":"https:\/\/smh.mr\/fr\/"},{"@type":"ListItem","position":2,"name":"Une d\u00e9l\u00e9gation du D\u00e9partement du P\u00e9trole, des Mines et de l\u2019Energie a particip\u00e9 \u00e0 la Semaine Africaine de l\u2019Energie \u00e0 CapeTown en Afrique du Sud"}]},{"@type":"WebSite","@id":"https:\/\/smh.mr\/fr\/#website","url":"https:\/\/smh.mr\/fr\/","name":"SMH","description":"Mauritanian Hydrocarbons Company","potentialAction":[{"@type":"SearchAction","target":{"@type":"EntryPoint","urlTemplate":"https:\/\/smh.mr\/fr\/?s={search_term_string}"},"query-input":{"@type":"PropertyValueSpecification","valueRequired":true,"valueName":"search_term_string"}}],"inLanguage":"fr-FR"},{"@type":"Person","@id":"https:\/\/smh.mr\/fr\/#\/schema\/person\/c015b514348ae56afb47feefa674b2a7","name":"admin","image":{"@type":"ImageObject","inLanguage":"fr-FR","@id":"https:\/\/secure.gravatar.com\/avatar\/7bd73e456dbe0d4f2e9f035ecd4f7c49ef8a47a8410f703882294a8e9f87ba6b?s=96&d=mm&r=g","url":"https:\/\/secure.gravatar.com\/avatar\/7bd73e456dbe0d4f2e9f035ecd4f7c49ef8a47a8410f703882294a8e9f87ba6b?s=96&d=mm&r=g","contentUrl":"https:\/\/secure.gravatar.com\/avatar\/7bd73e456dbe0d4f2e9f035ecd4f7c49ef8a47a8410f703882294a8e9f87ba6b?s=96&d=mm&r=g","caption":"admin"},"sameAs":["https:\/\/smh.mr"],"url":"https:\/\/smh.mr\/fr\/author\/admin\/"}]}},"_links":{"self":[{"href":"https:\/\/smh.mr\/fr\/wp-json\/wp\/v2\/posts\/5181","targetHints":{"allow":["GET"]}}],"collection":[{"href":"https:\/\/smh.mr\/fr\/wp-json\/wp\/v2\/posts"}],"about":[{"href":"https:\/\/smh.mr\/fr\/wp-json\/wp\/v2\/types\/post"}],"author":[{"embeddable":true,"href":"https:\/\/smh.mr\/fr\/wp-json\/wp\/v2\/users\/1"}],"replies":[{"embeddable":true,"href":"https:\/\/smh.mr\/fr\/wp-json\/wp\/v2\/comments?post=5181"}],"version-history":[{"count":2,"href":"https:\/\/smh.mr\/fr\/wp-json\/wp\/v2\/posts\/5181\/revisions"}],"predecessor-version":[{"id":5658,"href":"https:\/\/smh.mr\/fr\/wp-json\/wp\/v2\/posts\/5181\/revisions\/5658"}],"wp:featuredmedia":[{"embeddable":true,"href":"https:\/\/smh.mr\/fr\/wp-json\/wp\/v2\/media\/5655"}],"wp:attachment":[{"href":"https:\/\/smh.mr\/fr\/wp-json\/wp\/v2\/media?parent=5181"}],"wp:term":[{"taxonomy":"category","embeddable":true,"href":"https:\/\/smh.mr\/fr\/wp-json\/wp\/v2\/categories?post=5181"},{"taxonomy":"post_tag","embeddable":true,"href":"https:\/\/smh.mr\/fr\/wp-json\/wp\/v2\/tags?post=5181"}],"curies":[{"name":"wp","href":"https:\/\/api.w.org\/{rel}","templated":true}]}}