{"id":5179,"date":"2024-01-17T01:34:00","date_gmt":"2024-01-17T01:34:00","guid":{"rendered":"https:\/\/smh.mr\/index.php\/2024\/01\/17\/signature-dun-contrat-cadre-entre-la-smh-et-liap\/"},"modified":"2024-02-27T15:07:24","modified_gmt":"2024-02-27T15:07:24","slug":"signature-dun-contrat-cadre-entre-la-smh-et-liap","status":"publish","type":"post","link":"https:\/\/smh.mr\/fr\/signature-dun-contrat-cadre-entre-la-smh-et-liap\/","title":{"rendered":"Signature d\u2019un Contrat Cadre entre la SMH et l\u2019IAP"},"content":{"rendered":"\n<p>Dans le cadre de la mise en \u0153uvre du Protocole d\u2019Accord existant entre la Soci\u00e9t\u00e9 Mauritanienne des Hydrocarbures et Sonatrach, la SMH et l&rsquo;Institut Alg\u00e9rien du P\u00e9trole (IAP) ont sign\u00e9 le 17 janvier 2024 un Contrat Cadre marquant le d\u00e9but d&rsquo;une collaboration fructueuse ax\u00e9e sur le d\u00e9veloppement des comp\u00e9tences et la formation.<br\/>Ce Contrat Cadre a \u00e9t\u00e9 sign\u00e9, cot\u00e9 Mauritanien par M. Tourad Abdel Baghi, Directeur G\u00e9n\u00e9ral de la SMH et, c\u00f4t\u00e9 Alg\u00e9rien, par M. Abdelkader GENOUNE, Directeur G\u00e9n\u00e9ral de l\u2019IAP.<br\/>L&rsquo;IAP, en tant qu&rsquo;institut int\u00e9gr\u00e9 \u00e0 SONATRACH et sp\u00e9cialis\u00e9 dans les m\u00e9tiers de l\u2019industrie du p\u00e9trole et des hydrocarbures, s&rsquo;engage ainsi \u00e0 appuyer la SMH dans la formation, le perfectionnement, le recyclage et le renforcement des capacit\u00e9s de ses Ressources Humaines et ce dans les diff\u00e9rents domaines pertinents au secteur de l&rsquo;\u00e9nergie. Cela inclut notamment les hydrocarbures, l\u2019hydrog\u00e8ne et les \u00e9nergies \u00e0 bas carbone et propres.<br\/>La SMH et l&rsquo;IAP expriment ainsi leur volont\u00e9 commune et engagement \u00e0 contribuer, dans leurs domaines de comp\u00e9tence, \u00e0 consolider et diversifier les relations d\u00e9j\u00e0 excellentes entre la Mauritanie et l\u2019Alg\u00e9rie.<\/p>\n","protected":false},"excerpt":{"rendered":"<p>Dans le cadre de la mise en \u0153uvre du Protocole d\u2019Accord existant entre la Soci\u00e9t\u00e9 Mauritanienne des Hydrocarbures et Sonatrach, la SMH et l&rsquo;Institut Alg\u00e9rien du P\u00e9trole (IAP) ont sign\u00e9 le 17 janvier 2024 un Contrat Cadre marquant le d\u00e9but d&rsquo;une collaboration fructueuse ax\u00e9e sur le d\u00e9veloppement des comp\u00e9tences et la formation.Ce Contrat Cadre a [&hellip;]<\/p>\n","protected":false},"author":1,"featured_media":5651,"comment_status":"closed","ping_status":"closed","sticky":false,"template":"","format":"standard","meta":{"footnotes":""},"categories":[94],"tags":[],"class_list":["post-5179","post","type-post","status-publish","format-standard","has-post-thumbnail","hentry","category-actualites"],"yoast_head":"<!-- This site is optimized with the Yoast SEO plugin v27.5 - https:\/\/yoast.com\/product\/yoast-seo-wordpress\/ -->\n<title>Signature d\u2019un Contrat Cadre entre la SMH et l\u2019IAP - SMH<\/title>\n<meta name=\"robots\" content=\"index, follow, max-snippet:-1, max-image-preview:large, max-video-preview:-1\" \/>\n<link rel=\"canonical\" href=\"https:\/\/smh.mr\/fr\/signature-dun-contrat-cadre-entre-la-smh-et-liap\/\" \/>\n<meta property=\"og:locale\" content=\"fr_FR\" \/>\n<meta property=\"og:type\" content=\"article\" \/>\n<meta property=\"og:title\" content=\"Signature d\u2019un Contrat Cadre entre la SMH et l\u2019IAP - SMH\" \/>\n<meta property=\"og:description\" content=\"Dans le cadre de la mise en \u0153uvre du Protocole d\u2019Accord existant entre la Soci\u00e9t\u00e9 Mauritanienne des Hydrocarbures et Sonatrach, la SMH et l&rsquo;Institut Alg\u00e9rien du P\u00e9trole (IAP) ont sign\u00e9 le 17 janvier 2024 un Contrat Cadre marquant le d\u00e9but d&rsquo;une collaboration fructueuse ax\u00e9e sur le d\u00e9veloppement des comp\u00e9tences et la formation.Ce Contrat Cadre a [&hellip;]\" \/>\n<meta property=\"og:url\" content=\"https:\/\/smh.mr\/fr\/signature-dun-contrat-cadre-entre-la-smh-et-liap\/\" \/>\n<meta property=\"og:site_name\" content=\"SMH\" \/>\n<meta property=\"article:published_time\" content=\"2024-01-17T01:34:00+00:00\" \/>\n<meta property=\"article:modified_time\" content=\"2024-02-27T15:07:24+00:00\" \/>\n<meta property=\"og:image\" content=\"https:\/\/smh.mr\/wp-content\/uploads\/2024\/01\/IAP.png\" \/>\n\t<meta property=\"og:image:width\" content=\"780\" \/>\n\t<meta property=\"og:image:height\" content=\"780\" \/>\n\t<meta property=\"og:image:type\" content=\"image\/png\" \/>\n<meta name=\"author\" content=\"admin\" \/>\n<meta name=\"twitter:card\" content=\"summary_large_image\" \/>\n<meta name=\"twitter:label1\" content=\"\u00c9crit par\" \/>\n\t<meta name=\"twitter:data1\" content=\"admin\" \/>\n\t<meta name=\"twitter:label2\" content=\"Dur\u00e9e de lecture estim\u00e9e\" \/>\n\t<meta name=\"twitter:data2\" content=\"1 minute\" \/>\n<script type=\"application\/ld+json\" class=\"yoast-schema-graph\">{\"@context\":\"https:\\\/\\\/schema.org\",\"@graph\":[{\"@type\":\"Article\",\"@id\":\"https:\\\/\\\/smh.mr\\\/fr\\\/signature-dun-contrat-cadre-entre-la-smh-et-liap\\\/#article\",\"isPartOf\":{\"@id\":\"https:\\\/\\\/smh.mr\\\/fr\\\/signature-dun-contrat-cadre-entre-la-smh-et-liap\\\/\"},\"author\":{\"name\":\"admin\",\"@id\":\"https:\\\/\\\/smh.mr\\\/fr\\\/#\\\/schema\\\/person\\\/c015b514348ae56afb47feefa674b2a7\"},\"headline\":\"Signature d\u2019un Contrat Cadre entre la SMH et l\u2019IAP\",\"datePublished\":\"2024-01-17T01:34:00+00:00\",\"dateModified\":\"2024-02-27T15:07:24+00:00\",\"mainEntityOfPage\":{\"@id\":\"https:\\\/\\\/smh.mr\\\/fr\\\/signature-dun-contrat-cadre-entre-la-smh-et-liap\\\/\"},\"wordCount\":217,\"image\":{\"@id\":\"https:\\\/\\\/smh.mr\\\/fr\\\/signature-dun-contrat-cadre-entre-la-smh-et-liap\\\/#primaryimage\"},\"thumbnailUrl\":\"https:\\\/\\\/smh.mr\\\/wp-content\\\/uploads\\\/2024\\\/01\\\/IAP.png\",\"articleSection\":[\"Actualit\u00e9s\"],\"inLanguage\":\"fr-FR\"},{\"@type\":\"WebPage\",\"@id\":\"https:\\\/\\\/smh.mr\\\/fr\\\/signature-dun-contrat-cadre-entre-la-smh-et-liap\\\/\",\"url\":\"https:\\\/\\\/smh.mr\\\/fr\\\/signature-dun-contrat-cadre-entre-la-smh-et-liap\\\/\",\"name\":\"Signature d\u2019un Contrat Cadre entre la SMH et l\u2019IAP - SMH\",\"isPartOf\":{\"@id\":\"https:\\\/\\\/smh.mr\\\/fr\\\/#website\"},\"primaryImageOfPage\":{\"@id\":\"https:\\\/\\\/smh.mr\\\/fr\\\/signature-dun-contrat-cadre-entre-la-smh-et-liap\\\/#primaryimage\"},\"image\":{\"@id\":\"https:\\\/\\\/smh.mr\\\/fr\\\/signature-dun-contrat-cadre-entre-la-smh-et-liap\\\/#primaryimage\"},\"thumbnailUrl\":\"https:\\\/\\\/smh.mr\\\/wp-content\\\/uploads\\\/2024\\\/01\\\/IAP.png\",\"datePublished\":\"2024-01-17T01:34:00+00:00\",\"dateModified\":\"2024-02-27T15:07:24+00:00\",\"author\":{\"@id\":\"https:\\\/\\\/smh.mr\\\/fr\\\/#\\\/schema\\\/person\\\/c015b514348ae56afb47feefa674b2a7\"},\"breadcrumb\":{\"@id\":\"https:\\\/\\\/smh.mr\\\/fr\\\/signature-dun-contrat-cadre-entre-la-smh-et-liap\\\/#breadcrumb\"},\"inLanguage\":\"fr-FR\",\"potentialAction\":[{\"@type\":\"ReadAction\",\"target\":[\"https:\\\/\\\/smh.mr\\\/fr\\\/signature-dun-contrat-cadre-entre-la-smh-et-liap\\\/\"]}]},{\"@type\":\"ImageObject\",\"inLanguage\":\"fr-FR\",\"@id\":\"https:\\\/\\\/smh.mr\\\/fr\\\/signature-dun-contrat-cadre-entre-la-smh-et-liap\\\/#primaryimage\",\"url\":\"https:\\\/\\\/smh.mr\\\/wp-content\\\/uploads\\\/2024\\\/01\\\/IAP.png\",\"contentUrl\":\"https:\\\/\\\/smh.mr\\\/wp-content\\\/uploads\\\/2024\\\/01\\\/IAP.png\",\"width\":780,\"height\":780},{\"@type\":\"BreadcrumbList\",\"@id\":\"https:\\\/\\\/smh.mr\\\/fr\\\/signature-dun-contrat-cadre-entre-la-smh-et-liap\\\/#breadcrumb\",\"itemListElement\":[{\"@type\":\"ListItem\",\"position\":1,\"name\":\"Home\",\"item\":\"https:\\\/\\\/smh.mr\\\/fr\\\/\"},{\"@type\":\"ListItem\",\"position\":2,\"name\":\"Signature d\u2019un Contrat Cadre entre la SMH et l\u2019IAP\"}]},{\"@type\":\"WebSite\",\"@id\":\"https:\\\/\\\/smh.mr\\\/fr\\\/#website\",\"url\":\"https:\\\/\\\/smh.mr\\\/fr\\\/\",\"name\":\"SMH\",\"description\":\"Mauritanian Hydrocarbons Company\",\"potentialAction\":[{\"@type\":\"SearchAction\",\"target\":{\"@type\":\"EntryPoint\",\"urlTemplate\":\"https:\\\/\\\/smh.mr\\\/fr\\\/?s={search_term_string}\"},\"query-input\":{\"@type\":\"PropertyValueSpecification\",\"valueRequired\":true,\"valueName\":\"search_term_string\"}}],\"inLanguage\":\"fr-FR\"},{\"@type\":\"Person\",\"@id\":\"https:\\\/\\\/smh.mr\\\/fr\\\/#\\\/schema\\\/person\\\/c015b514348ae56afb47feefa674b2a7\",\"name\":\"admin\",\"image\":{\"@type\":\"ImageObject\",\"inLanguage\":\"fr-FR\",\"@id\":\"https:\\\/\\\/secure.gravatar.com\\\/avatar\\\/7bd73e456dbe0d4f2e9f035ecd4f7c49ef8a47a8410f703882294a8e9f87ba6b?s=96&d=mm&r=g\",\"url\":\"https:\\\/\\\/secure.gravatar.com\\\/avatar\\\/7bd73e456dbe0d4f2e9f035ecd4f7c49ef8a47a8410f703882294a8e9f87ba6b?s=96&d=mm&r=g\",\"contentUrl\":\"https:\\\/\\\/secure.gravatar.com\\\/avatar\\\/7bd73e456dbe0d4f2e9f035ecd4f7c49ef8a47a8410f703882294a8e9f87ba6b?s=96&d=mm&r=g\",\"caption\":\"admin\"},\"sameAs\":[\"https:\\\/\\\/smh.mr\"],\"url\":\"https:\\\/\\\/smh.mr\\\/fr\\\/author\\\/admin\\\/\"}]}<\/script>\n<!-- \/ Yoast SEO plugin. -->","yoast_head_json":{"title":"Signature d\u2019un Contrat Cadre entre la SMH et l\u2019IAP - SMH","robots":{"index":"index","follow":"follow","max-snippet":"max-snippet:-1","max-image-preview":"max-image-preview:large","max-video-preview":"max-video-preview:-1"},"canonical":"https:\/\/smh.mr\/fr\/signature-dun-contrat-cadre-entre-la-smh-et-liap\/","og_locale":"fr_FR","og_type":"article","og_title":"Signature d\u2019un Contrat Cadre entre la SMH et l\u2019IAP - SMH","og_description":"Dans le cadre de la mise en \u0153uvre du Protocole d\u2019Accord existant entre la Soci\u00e9t\u00e9 Mauritanienne des Hydrocarbures et Sonatrach, la SMH et l&rsquo;Institut Alg\u00e9rien du P\u00e9trole (IAP) ont sign\u00e9 le 17 janvier 2024 un Contrat Cadre marquant le d\u00e9but d&rsquo;une collaboration fructueuse ax\u00e9e sur le d\u00e9veloppement des comp\u00e9tences et la formation.Ce Contrat Cadre a [&hellip;]","og_url":"https:\/\/smh.mr\/fr\/signature-dun-contrat-cadre-entre-la-smh-et-liap\/","og_site_name":"SMH","article_published_time":"2024-01-17T01:34:00+00:00","article_modified_time":"2024-02-27T15:07:24+00:00","og_image":[{"width":780,"height":780,"url":"https:\/\/smh.mr\/wp-content\/uploads\/2024\/01\/IAP.png","type":"image\/png"}],"author":"admin","twitter_card":"summary_large_image","twitter_misc":{"\u00c9crit par":"admin","Dur\u00e9e de lecture estim\u00e9e":"1 minute"},"schema":{"@context":"https:\/\/schema.org","@graph":[{"@type":"Article","@id":"https:\/\/smh.mr\/fr\/signature-dun-contrat-cadre-entre-la-smh-et-liap\/#article","isPartOf":{"@id":"https:\/\/smh.mr\/fr\/signature-dun-contrat-cadre-entre-la-smh-et-liap\/"},"author":{"name":"admin","@id":"https:\/\/smh.mr\/fr\/#\/schema\/person\/c015b514348ae56afb47feefa674b2a7"},"headline":"Signature d\u2019un Contrat Cadre entre la SMH et l\u2019IAP","datePublished":"2024-01-17T01:34:00+00:00","dateModified":"2024-02-27T15:07:24+00:00","mainEntityOfPage":{"@id":"https:\/\/smh.mr\/fr\/signature-dun-contrat-cadre-entre-la-smh-et-liap\/"},"wordCount":217,"image":{"@id":"https:\/\/smh.mr\/fr\/signature-dun-contrat-cadre-entre-la-smh-et-liap\/#primaryimage"},"thumbnailUrl":"https:\/\/smh.mr\/wp-content\/uploads\/2024\/01\/IAP.png","articleSection":["Actualit\u00e9s"],"inLanguage":"fr-FR"},{"@type":"WebPage","@id":"https:\/\/smh.mr\/fr\/signature-dun-contrat-cadre-entre-la-smh-et-liap\/","url":"https:\/\/smh.mr\/fr\/signature-dun-contrat-cadre-entre-la-smh-et-liap\/","name":"Signature d\u2019un Contrat Cadre entre la SMH et l\u2019IAP - SMH","isPartOf":{"@id":"https:\/\/smh.mr\/fr\/#website"},"primaryImageOfPage":{"@id":"https:\/\/smh.mr\/fr\/signature-dun-contrat-cadre-entre-la-smh-et-liap\/#primaryimage"},"image":{"@id":"https:\/\/smh.mr\/fr\/signature-dun-contrat-cadre-entre-la-smh-et-liap\/#primaryimage"},"thumbnailUrl":"https:\/\/smh.mr\/wp-content\/uploads\/2024\/01\/IAP.png","datePublished":"2024-01-17T01:34:00+00:00","dateModified":"2024-02-27T15:07:24+00:00","author":{"@id":"https:\/\/smh.mr\/fr\/#\/schema\/person\/c015b514348ae56afb47feefa674b2a7"},"breadcrumb":{"@id":"https:\/\/smh.mr\/fr\/signature-dun-contrat-cadre-entre-la-smh-et-liap\/#breadcrumb"},"inLanguage":"fr-FR","potentialAction":[{"@type":"ReadAction","target":["https:\/\/smh.mr\/fr\/signature-dun-contrat-cadre-entre-la-smh-et-liap\/"]}]},{"@type":"ImageObject","inLanguage":"fr-FR","@id":"https:\/\/smh.mr\/fr\/signature-dun-contrat-cadre-entre-la-smh-et-liap\/#primaryimage","url":"https:\/\/smh.mr\/wp-content\/uploads\/2024\/01\/IAP.png","contentUrl":"https:\/\/smh.mr\/wp-content\/uploads\/2024\/01\/IAP.png","width":780,"height":780},{"@type":"BreadcrumbList","@id":"https:\/\/smh.mr\/fr\/signature-dun-contrat-cadre-entre-la-smh-et-liap\/#breadcrumb","itemListElement":[{"@type":"ListItem","position":1,"name":"Home","item":"https:\/\/smh.mr\/fr\/"},{"@type":"ListItem","position":2,"name":"Signature d\u2019un Contrat Cadre entre la SMH et l\u2019IAP"}]},{"@type":"WebSite","@id":"https:\/\/smh.mr\/fr\/#website","url":"https:\/\/smh.mr\/fr\/","name":"SMH","description":"Mauritanian Hydrocarbons Company","potentialAction":[{"@type":"SearchAction","target":{"@type":"EntryPoint","urlTemplate":"https:\/\/smh.mr\/fr\/?s={search_term_string}"},"query-input":{"@type":"PropertyValueSpecification","valueRequired":true,"valueName":"search_term_string"}}],"inLanguage":"fr-FR"},{"@type":"Person","@id":"https:\/\/smh.mr\/fr\/#\/schema\/person\/c015b514348ae56afb47feefa674b2a7","name":"admin","image":{"@type":"ImageObject","inLanguage":"fr-FR","@id":"https:\/\/secure.gravatar.com\/avatar\/7bd73e456dbe0d4f2e9f035ecd4f7c49ef8a47a8410f703882294a8e9f87ba6b?s=96&d=mm&r=g","url":"https:\/\/secure.gravatar.com\/avatar\/7bd73e456dbe0d4f2e9f035ecd4f7c49ef8a47a8410f703882294a8e9f87ba6b?s=96&d=mm&r=g","contentUrl":"https:\/\/secure.gravatar.com\/avatar\/7bd73e456dbe0d4f2e9f035ecd4f7c49ef8a47a8410f703882294a8e9f87ba6b?s=96&d=mm&r=g","caption":"admin"},"sameAs":["https:\/\/smh.mr"],"url":"https:\/\/smh.mr\/fr\/author\/admin\/"}]}},"_links":{"self":[{"href":"https:\/\/smh.mr\/fr\/wp-json\/wp\/v2\/posts\/5179","targetHints":{"allow":["GET"]}}],"collection":[{"href":"https:\/\/smh.mr\/fr\/wp-json\/wp\/v2\/posts"}],"about":[{"href":"https:\/\/smh.mr\/fr\/wp-json\/wp\/v2\/types\/post"}],"author":[{"embeddable":true,"href":"https:\/\/smh.mr\/fr\/wp-json\/wp\/v2\/users\/1"}],"replies":[{"embeddable":true,"href":"https:\/\/smh.mr\/fr\/wp-json\/wp\/v2\/comments?post=5179"}],"version-history":[{"count":2,"href":"https:\/\/smh.mr\/fr\/wp-json\/wp\/v2\/posts\/5179\/revisions"}],"predecessor-version":[{"id":5654,"href":"https:\/\/smh.mr\/fr\/wp-json\/wp\/v2\/posts\/5179\/revisions\/5654"}],"wp:featuredmedia":[{"embeddable":true,"href":"https:\/\/smh.mr\/fr\/wp-json\/wp\/v2\/media\/5651"}],"wp:attachment":[{"href":"https:\/\/smh.mr\/fr\/wp-json\/wp\/v2\/media?parent=5179"}],"wp:term":[{"taxonomy":"category","embeddable":true,"href":"https:\/\/smh.mr\/fr\/wp-json\/wp\/v2\/categories?post=5179"},{"taxonomy":"post_tag","embeddable":true,"href":"https:\/\/smh.mr\/fr\/wp-json\/wp\/v2\/tags?post=5179"}],"curies":[{"name":"wp","href":"https:\/\/api.w.org\/{rel}","templated":true}]}}